{"id":576806,"date":"2025-12-04T04:48:18","date_gmt":"2025-12-04T04:48:18","guid":{"rendered":"https:\/\/www.europesays.com\/fr\/576806\/"},"modified":"2025-12-04T04:48:18","modified_gmt":"2025-12-04T04:48:18","slug":"lisle-jourdain-au-salon-des-muses-deurope-michel-lima-lart-de-la-creation","status":"publish","type":"post","link":"https:\/\/www.europesays.com\/fr\/576806\/","title":{"rendered":"L&rsquo;Isle-Jourdain. Au Salon des Muses d\u2019Europe, Michel Lima, l\u2019art de la cr\u00e9ation"},"content":{"rendered":"<p>Le 24e Salon des Muses d\u2019Europe au mus\u00e9e d\u2019Art campanaire accueille 33 artistes dont 26 peintres et sept sculpteurs. Parmi ces derniers, Michel Lima dont les \u0153uvres surprennent le public. En voyant ses sculptures, certains visiteurs se sont frott\u00e9 les yeux en d\u00e9couvrant les r\u00e9alisations d\u2019oiseaux aussi vraies que nature tant l\u2019identification de l\u2019animal est juste et repr\u00e9sentative. En s\u2019approchant des objets, la stup\u00e9faction est d\u2019autant plus forte que l\u2019on ne peut que constater que ces \u0153uvres sont cr\u00e9\u00e9es \u00e0 partir de couverts en inox, des objets chin\u00e9s sur des vide-greniers. L\u2019art figuratif animalier est \u00e0 son comble. La soudure sur cet acier (l\u2019inox) qu\u2019il pratique depuis trois ans est remarquable comme l\u2019ensemble de l\u2019\u0153uvre. Le regard de Michel Lima est pr\u00e9cis et sa fascination pour la faune et le monde de la nature est incroyablement bien transmise par ses sculptures.<\/p>\n<p>Pourtant, pour l\u2019artiste, cette discipline n\u2019a pas \u00e9t\u00e9 un choix imm\u00e9diat. \u00ab\u00a0J\u2019ai d\u00e9marr\u00e9 par la peinture mais je ne m\u2019y retrouvais pas. \u00c9tant bricoleur et ayant l\u2019esprit de r\u00e9cup\u00e9ration, mon projet a m\u00fbri. Lorsque j\u2019ai vu des r\u00e9alisations d\u2019une artiste am\u00e9ricaine qui travaillait avec des couverts, j\u2019ai eu le d\u00e9clic. \u00c9tant bricoleur et aimant la r\u00e9cup\u00e9ration des m\u00e9taux, comme un ferrailleur, j\u2019ai d\u00e9marr\u00e9 avec des cha\u00eenes de v\u00e9lo ou de tron\u00e7onneuse. Le temps \u00e0 fait son chemin pour finir avec les couverts\u00a0\u00bb.<\/p>\n<p>S\u2019il trouve ses mat\u00e9riaux sur les vide-greniers, c\u2019est bien dans la nature qu\u2019il puise son inspiration. \u00ab\u00a0J\u2019aime porter mon regard sur l\u2019animal et sa posture, explique Michel Lima. Au milieu de la nature, je ressens tous les sens qui m\u2019inspirent pour la r\u00e9alisation de l\u2019\u0153uvre\u00a0\u00bb.<\/p>\n<p>Michel Lima, pompier professionnel \u00e0 Toulouse depuis plus de 30 ans, a re\u00e7u le premier prix au festival des arts de Merville ; il sera \u00e0 nouveau dans le Gers, \u00e0 Gimont au \u00ab\u00a0Chemin des arts\u00a0\u00bb l\u2019\u00e9t\u00e9 prochain. Il expose \u00e9galement \u00e0 la Galerie des Ormeaux \u00e0 Cordes-sur-Ciel.<\/p>\n<p>Contact : Michel Lima : Instagram @limaille_4_art ou au 06 87 51 50 71. Le salon des Muses d\u2019Europe se poursuit jusqu\u2019au samedi 20 d\u00e9cembre<\/p>\n","protected":false},"excerpt":{"rendered":"Le 24e Salon des Muses d\u2019Europe au mus\u00e9e d\u2019Art campanaire accueille 33 artistes dont 26 peintres et sept&hellip;\n","protected":false},"author":2,"featured_media":576807,"comment_status":"","ping_status":"","sticky":false,"template":"","format":"standard","meta":{"footnotes":""},"categories":[1586],"tags":[11,872,1777,674,1349,1011,27,11328,69112,12,25],"class_list":{"0":"post-576806","1":"post","2":"type-post","3":"status-publish","4":"format-standard","5":"has-post-thumbnail","7":"category-europe","8":"tag-actualites","9":"tag-culture-et-loisirs","10":"tag-eu","11":"tag-europe","12":"tag-expositions","13":"tag-fr","14":"tag-france","15":"tag-gers","16":"tag-lislejourdain","17":"tag-news","18":"tag-republique-francaise"},"share_on_mastodon":{"url":"https:\/\/pubeurope.com\/@fr\/115659492803139114","error":""},"_links":{"self":[{"href":"https:\/\/www.europesays.com\/fr\/wp-json\/wp\/v2\/posts\/576806","targetHints":{"allow":["GET"]}}],"collection":[{"href":"https:\/\/www.europesays.com\/fr\/wp-json\/wp\/v2\/posts"}],"about":[{"href":"https:\/\/www.europesays.com\/fr\/wp-json\/wp\/v2\/types\/post"}],"author":[{"embeddable":true,"href":"https:\/\/www.europesays.com\/fr\/wp-json\/wp\/v2\/users\/2"}],"replies":[{"embeddable":true,"href":"https:\/\/www.europesays.com\/fr\/wp-json\/wp\/v2\/comments?post=576806"}],"version-history":[{"count":0,"href":"https:\/\/www.europesays.com\/fr\/wp-json\/wp\/v2\/posts\/576806\/revisions"}],"wp:featuredmedia":[{"embeddable":true,"href":"https:\/\/www.europesays.com\/fr\/wp-json\/wp\/v2\/media\/576807"}],"wp:attachment":[{"href":"https:\/\/www.europesays.com\/fr\/wp-json\/wp\/v2\/media?parent=576806"}],"wp:term":[{"taxonomy":"category","embeddable":true,"href":"https:\/\/www.europesays.com\/fr\/wp-json\/wp\/v2\/categories?post=576806"},{"taxonomy":"post_tag","embeddable":true,"href":"https:\/\/www.europesays.com\/fr\/wp-json\/wp\/v2\/tags?post=576806"}],"curies":[{"name":"wp","href":"https:\/\/api.w.org\/{rel}","templated":true}]}}