{"id":576808,"date":"2025-12-04T04:49:17","date_gmt":"2025-12-04T04:49:17","guid":{"rendered":"https:\/\/www.europesays.com\/fr\/576808\/"},"modified":"2025-12-04T04:49:17","modified_gmt":"2025-12-04T04:49:17","slug":"deploiement-americain-en-amerique-latine-le-president-maduro-confirme-avoir-eu-une-conversation-cordiale-avec-trump","status":"publish","type":"post","link":"https:\/\/www.europesays.com\/fr\/576808\/","title":{"rendered":"D\u00e9ploiement am\u00e9ricain en Am\u00e9rique latine &#8211; Le pr\u00e9sident Maduro confirme avoir eu une conversation \u00ab\u00a0cordiale\u00a0\u00bb avec Trump"},"content":{"rendered":"<p class=\"ap-StoryElement ap-StoryElement--mb ap-StoryText\">\u00ab\u00a0Je ne dirais pas que cela s&rsquo;est bien ou mal pass\u00e9. C&rsquo;\u00e9tait un appel t\u00e9l\u00e9phonique\u00a0\u00bb, avait d\u00e9clar\u00e9 le pr\u00e9sident am\u00e9ricain \u00e0 bord de l&rsquo;avion Air Force One.<\/p>\n<p class=\"ap-StoryElement ap-StoryElement--mb ap-StoryText\">Cette conversation intervient au moment o\u00f9 les \u00c9tats-Unis ont intensifi\u00e9 la pression sur le Venezuela avec un important d\u00e9ploiement militaire dans les Cara\u00efbes, des frappes a\u00e9riennes contre des bateaux de narcotrafiquants pr\u00e9sum\u00e9s en mer, des avertissements sur le transport a\u00e9rien, et l&rsquo;\u00e9vocation r\u00e9currente de frappes sur le sol v\u00e9n\u00e9zu\u00e9lien.<\/p>\n<p class=\"ap-StoryElement ap-StoryElement--mb ap-StoryText\">Comme souvent ces derniers jours, le pr\u00e9sident v\u00e9n\u00e9zu\u00e9lien s&rsquo;est exprim\u00e9 en anglais : \u00ab\u00a0Welcome Dialogue! Welcome diplomacy! Welcome the peace! Peace? Yes! War? Never, never in the life!\u00a0\u00bb, soit \u00ab\u00a0Bienvenue au dialogue ! Bienvenue \u00e0 la diplomatie ! Bienvenue \u00e0 la paix ! Paix ? Oui ! Guerre ? Jamais, jamais de la vie !\u00a0\u00bb.<\/p>\n<p class=\"ap-StoryElement ap-StoryElement--mb ap-StoryText\">\u00ab\u00a0J&rsquo;ai appris, en six ans comme ministre des Affaires \u00e9trang\u00e8res, la prudence diplomatique. J&rsquo;aime la prudence. Je n&rsquo;aime pas la diplomatie des micros. Quand il y a des choses importantes, elles doivent se faire en silence, jusqu&rsquo;\u00e0 ce qu&rsquo;elles se r\u00e9alisent\u00a0\u00bb, a-t-il encore comment\u00e9.<\/p>\n","protected":false},"excerpt":{"rendered":"\u00ab\u00a0Je ne dirais pas que cela s&rsquo;est bien ou mal pass\u00e9. C&rsquo;\u00e9tait un appel t\u00e9l\u00e9phonique\u00a0\u00bb, avait d\u00e9clar\u00e9 le&hellip;\n","protected":false},"author":2,"featured_media":2837,"comment_status":"","ping_status":"","sticky":false,"template":"","format":"standard","meta":{"footnotes":""},"categories":[1586],"tags":[11,2120,312,73,1777,674,1779,1011,27,12,25,1778,364,337],"class_list":{"0":"post-576808","1":"post","2":"type-post","3":"status-publish","4":"format-standard","5":"has-post-thumbnail","7":"category-europe","8":"tag-actualites","9":"tag-conflit","10":"tag-diplomatie","11":"tag-etats-unis","12":"tag-eu","13":"tag-europe","14":"tag-european-union","15":"tag-fr","16":"tag-france","17":"tag-news","18":"tag-republique-francaise","19":"tag-ue","20":"tag-union-europeenne","21":"tag-venezuela"},"share_on_mastodon":{"url":"https:\/\/pubeurope.com\/@fr\/115659496903276626","error":""},"_links":{"self":[{"href":"https:\/\/www.europesays.com\/fr\/wp-json\/wp\/v2\/posts\/576808","targetHints":{"allow":["GET"]}}],"collection":[{"href":"https:\/\/www.europesays.com\/fr\/wp-json\/wp\/v2\/posts"}],"about":[{"href":"https:\/\/www.europesays.com\/fr\/wp-json\/wp\/v2\/types\/post"}],"author":[{"embeddable":true,"href":"https:\/\/www.europesays.com\/fr\/wp-json\/wp\/v2\/users\/2"}],"replies":[{"embeddable":true,"href":"https:\/\/www.europesays.com\/fr\/wp-json\/wp\/v2\/comments?post=576808"}],"version-history":[{"count":0,"href":"https:\/\/www.europesays.com\/fr\/wp-json\/wp\/v2\/posts\/576808\/revisions"}],"wp:featuredmedia":[{"embeddable":true,"href":"https:\/\/www.europesays.com\/fr\/wp-json\/wp\/v2\/media\/2837"}],"wp:attachment":[{"href":"https:\/\/www.europesays.com\/fr\/wp-json\/wp\/v2\/media?parent=576808"}],"wp:term":[{"taxonomy":"category","embeddable":true,"href":"https:\/\/www.europesays.com\/fr\/wp-json\/wp\/v2\/categories?post=576808"},{"taxonomy":"post_tag","embeddable":true,"href":"https:\/\/www.europesays.com\/fr\/wp-json\/wp\/v2\/tags?post=576808"}],"curies":[{"name":"wp","href":"https:\/\/api.w.org\/{rel}","templated":true}]}}