{"id":576815,"date":"2025-12-04T05:00:26","date_gmt":"2025-12-04T05:00:26","guid":{"rendered":"https:\/\/www.europesays.com\/fr\/576815\/"},"modified":"2025-12-04T05:00:26","modified_gmt":"2025-12-04T05:00:26","slug":"un-changement-de-presidence-pour-le-gp-de-marseille-la-marseillaise-actualite","status":"publish","type":"post","link":"https:\/\/www.europesays.com\/fr\/576815\/","title":{"rendered":"Un changement de pr\u00e9sidence pour le GP de Marseille-La Marseillaise &#8211; Actualit\u00e9"},"content":{"rendered":"<p style=\"text-align: justify;\"><strong>Pierre Guille ne sera plus \u00e0 la t\u00eate du Grand Prix de Marseille-La Marseillaise en 2026. Ce dernier a r\u00e9cemment quitt\u00e9 ses fonctions au sein du journal du m\u00eame nom. Il est remplac\u00e9 par Maryan Barth\u00e9l\u00e9my, lequel devient le nouveau directeur des \u00e9v\u00e9nements du quotidien proven\u00e7al.<\/strong><\/p>\n<p>Pour l&rsquo;\u00e9dition 2026, Maryan Barth\u00e9l\u00e9my explique aupr\u00e8s de DirectVelo qu&rsquo;il ne sera qu&rsquo;en \u00ab\u00a0observation\u00a0\u00bb, \u00e9tant donn\u00e9 qu&rsquo;il ne va officiellement prendre ses fonctions que le 1er janvier prochain et que\u00a0\u00ab\u00a0le d\u00e9lai sera bien trop court\u00a0\u00bb pour avoir quelconque influence sur la tenue de la course d&rsquo;un jour. C&rsquo;est ainsi Marc Poggiale, \u00e9lu nouveau pr\u00e9sident du Grand Prix de Marseille-La Marseillaise, qui aura les clefs du camion lors de la prochaine \u00e9dition.\u00a0<\/p>\n<p>Pierre Guille \u00e9tait\u00a0<strong>directeur des \u00e9v\u00e9nements et des partenariats du journal La Marseillaise depuis 2018. L&rsquo;Aubagnais de 48 ans travaillait\u00a0pour le quotidien\u00a0depuis 1995.<\/strong><\/p>\n<p><strong>La 48e \u00e9dition du Grand Prix longtemps dit \u00ab\u00a0d&rsquo;ouverture\u00a0\u00bb se tiendra le 1er f\u00e9vrier prochain.\u00a0<a href=\"https:\/\/www.directvelo.com\/epreuve\/45381\/grand-prix-de-marseille-la-marseillaise-2025\" target=\"_blank\" rel=\"noopener\"><strong>Valentin Ferron (Cofidis) l\u2019avait emport\u00e9<\/strong><\/a>\u00a0l&rsquo;an pass\u00e9 au jet\u00e9 de v\u00e9lo devant le Belge Vincent Van Hemelen (Team Flanders Baloise).<\/strong><\/p>\n","protected":false},"excerpt":{"rendered":"Pierre Guille ne sera plus \u00e0 la t\u00eate du Grand Prix de Marseille-La Marseillaise en 2026. Ce dernier&hellip;\n","protected":false},"author":2,"featured_media":576816,"comment_status":"","ping_status":"","sticky":false,"template":"","format":"standard","meta":{"footnotes":""},"categories":[1411],"tags":[834,828,836,829,837,827,83,826,824,823,1154,207,814,817,815,816,822,821,832,211,839,1011,27,820,818,819,835,831,830,833,838,60,212,208,825],"class_list":{"0":"post-576815","1":"post","2":"type-post","3":"status-publish","4":"format-standard","5":"has-post-thumbnail","7":"category-cyclisme","8":"tag-attaque","9":"tag-belgique","10":"tag-braquet","11":"tag-bretagne","12":"tag-chute","13":"tag-competition","14":"tag-coupe-de-france","15":"tag-coureur","16":"tag-course-cyclisme","17":"tag-course-cycliste","18":"tag-cycling","19":"tag-cyclisme","20":"tag-direct","21":"tag-direct-velo","22":"tag-directvelo","23":"tag-directvelo-com","24":"tag-epreuve","25":"tag-epreuve-cycliste","26":"tag-federation-francaise-de-cyclisme","27":"tag-ffc","28":"tag-flandres","29":"tag-fr","30":"tag-france","31":"tag-live","32":"tag-live-course","33":"tag-live-epreuve","34":"tag-peloton","35":"tag-radio-peloton","36":"tag-radio-tour","37":"tag-ravitaillement","38":"tag-relance","39":"tag-sports","40":"tag-uci","41":"tag-velo","42":"tag-velos"},"share_on_mastodon":{"url":"https:\/\/pubeurope.com\/@fr\/115659539955122670","error":""},"_links":{"self":[{"href":"https:\/\/www.europesays.com\/fr\/wp-json\/wp\/v2\/posts\/576815","targetHints":{"allow":["GET"]}}],"collection":[{"href":"https:\/\/www.europesays.com\/fr\/wp-json\/wp\/v2\/posts"}],"about":[{"href":"https:\/\/www.europesays.com\/fr\/wp-json\/wp\/v2\/types\/post"}],"author":[{"embeddable":true,"href":"https:\/\/www.europesays.com\/fr\/wp-json\/wp\/v2\/users\/2"}],"replies":[{"embeddable":true,"href":"https:\/\/www.europesays.com\/fr\/wp-json\/wp\/v2\/comments?post=576815"}],"version-history":[{"count":0,"href":"https:\/\/www.europesays.com\/fr\/wp-json\/wp\/v2\/posts\/576815\/revisions"}],"wp:featuredmedia":[{"embeddable":true,"href":"https:\/\/www.europesays.com\/fr\/wp-json\/wp\/v2\/media\/576816"}],"wp:attachment":[{"href":"https:\/\/www.europesays.com\/fr\/wp-json\/wp\/v2\/media?parent=576815"}],"wp:term":[{"taxonomy":"category","embeddable":true,"href":"https:\/\/www.europesays.com\/fr\/wp-json\/wp\/v2\/categories?post=576815"},{"taxonomy":"post_tag","embeddable":true,"href":"https:\/\/www.europesays.com\/fr\/wp-json\/wp\/v2\/tags?post=576815"}],"curies":[{"name":"wp","href":"https:\/\/api.w.org\/{rel}","templated":true}]}}