{"id":576817,"date":"2025-12-04T05:02:15","date_gmt":"2025-12-04T05:02:15","guid":{"rendered":"https:\/\/www.europesays.com\/fr\/576817\/"},"modified":"2025-12-04T05:02:15","modified_gmt":"2025-12-04T05:02:15","slug":"commission-de-discipline-les-decisions-du-3-decembre-2025-lfp","status":"publish","type":"post","link":"https:\/\/www.europesays.com\/fr\/576817\/","title":{"rendered":"COMMISSION DE DISCIPLINE : LES D\u00c9CISIONS DU 3 D\u00c9CEMBRE 2025 | LFP"},"content":{"rendered":"<p>R\u00e9unie ce mercredi 3 d\u00e9cembre 2025, la Commission de Discipline a pris les d\u00e9cisions suivantes :<\/p>\n<p class=\"RichText_paragraph__1foT1\"><strong>EXCLUSIONS\u00a0<\/strong><\/p>\n<p><strong>LIGUE 1 MCDONALD\u2019S<\/strong><br \/>\u00a0<\/p>\n<p class=\"RichText_paragraph__1foT1\"><strong>Deux matchs de suspension ferme<\/strong><\/p>\n<p class=\"RichText_paragraph__1foT1\">Ayyoub BOUADDI (LOSC Lille)<\/p>\n<p class=\"RichText_paragraph__1foT1\"><strong>Un match de suspension ferme et un match avec sursis<\/strong><\/p>\n<p class=\"RichText_paragraph__1foT1\">Thilo KEHRER (AS Monaco)<\/p>\n<p class=\"RichText_paragraph__1foT1\"><strong>Un match de suspension ferme<\/strong><\/p>\n<p class=\"RichText_paragraph__1foT1\">Junior MWANGA (FC Nantes)<\/p>\n<p class=\"RichText_paragraph__1foT1\">\u00a0<\/p>\n<p class=\"RichText_paragraph__1foT1\"><strong>POLICE DES TERRAINS<\/strong><br \/>\u00a0<\/p>\n<p class=\"RichText_paragraph__1foT1\"><strong>12e journ\u00e9e de Ligue 1 McDonald\u2019s\u00a0: Paris FC \u2013 Stade Rennais FC du vendredi 7 novembre 2025<\/strong><br \/><strong>Comportement des supporters du Stade Rennais FC\u00a0: usage d&rsquo;engins pyrotechniques<\/strong><\/p>\n<p class=\"RichText_paragraph__1foT1\">Fermeture partielle pour un match avec sursis du stade Roazhon Park.<br \/>\u00a0<\/p>\n<p class=\"RichText_paragraph__1foT1\"><strong>13e journ\u00e9e de Ligue 1 McDonald\u2019s\u00a0: OGC Nice \u2013 Olympique de Marseille du vendredi 21 novembre 2025<\/strong><br \/><strong>Comportement des supporters de l\u2019OGC Nice : jet d\u2019un objet ayant atteint un acteur entrainant une premi\u00e8re interruption temporaire de la rencontre, usage massif d\u2019engins pyrotechniques ayant entrain\u00e9 une seconde interruption temporaire de la rencontre, et expressions orales constat\u00e9es<\/strong><\/p>\n<p>Fermeture totale pour un match ferme du stade de l\u2019Allianz Riviera (\u00e0 purger lors de la rencontre de Coupe de France contre l\u2019AS Saint-\u00c9tienne) et fermeture pour un match ferme de la tribune Populaire Sud du stade de l&rsquo;Allianz Riviera (\u00e0 purger lors de la 17\u00e8me journ\u00e9e de Ligue 1 McDonald\u2019s).<\/p>\n<p>La sanction prend effet \u00e0 partir du mardi 9 d\u00e9cembre 2025 \u00e0 00h00.<\/p>\n<p class=\"RichText_paragraph__1foT1\"><strong>15e journ\u00e9e de Ligue 2 BKT : AS Saint-\u00c9tienne \u2013 AS Nancy-Lorraine du samedi 22 novembre 2025<\/strong><br \/><strong>Comportement des supporters de l\u2019AS Saint-\u00c9tienne : usage d&rsquo;engins pyrotechniques et expressions orales constat\u00e9es<\/strong><\/p>\n<p>Fermeture partielle pour deux matchs fermes dont un par r\u00e9vocation du sursis du stade Geoffroy-Guichard.<\/p>\n<p>La sanction prend effet imm\u00e9diatement.<\/p>\n<p><strong>15e journ\u00e9e de Ligue 2 BKT : AS Saint-\u00c9tienne \u2013 AS Nancy-Lorraine du samedi 22 novembre 2025<\/strong><br \/><strong>Comportement des supporters de l\u2019AS Nancy-Lorraine : usage d&rsquo;engins pyrotechniques<\/strong><\/p>\n<p>Fermeture partielle pour un match ferme et un match avec sursis du stade Marcel Picot.<\/p>\n<p>La sanction prend effet imm\u00e9diatement.<\/p>\n<p class=\"RichText_paragraph__1foT1\">\u00a0<\/p>\n<p class=\"RichText_paragraph__1foT1\">La prochaine r\u00e9union de la Commission de Discipline aura lieu mercredi 10 d\u00e9cembre 2025 \u00e0 18h00.<\/p>\n<p class=\"RichText_paragraph__1foT1\">\u00a0<\/p>\n<p>Publi\u00e9 le 3 d\u00e9c. 2025<\/p>\n","protected":false},"excerpt":{"rendered":"R\u00e9unie ce mercredi 3 d\u00e9cembre 2025, la Commission de Discipline a pris les d\u00e9cisions suivantes : EXCLUSIONS\u00a0 LIGUE&hellip;\n","protected":false},"author":2,"featured_media":576818,"comment_status":"","ping_status":"","sticky":false,"template":"","format":"standard","meta":{"footnotes":""},"categories":[1410],"tags":[63,1011,27,60],"class_list":{"0":"post-576817","1":"post","2":"type-post","3":"status-publish","4":"format-standard","5":"has-post-thumbnail","7":"category-football","8":"tag-football","9":"tag-fr","10":"tag-france","11":"tag-sports"},"share_on_mastodon":{"url":"https:\/\/pubeurope.com\/@fr\/115659548053996844","error":""},"_links":{"self":[{"href":"https:\/\/www.europesays.com\/fr\/wp-json\/wp\/v2\/posts\/576817","targetHints":{"allow":["GET"]}}],"collection":[{"href":"https:\/\/www.europesays.com\/fr\/wp-json\/wp\/v2\/posts"}],"about":[{"href":"https:\/\/www.europesays.com\/fr\/wp-json\/wp\/v2\/types\/post"}],"author":[{"embeddable":true,"href":"https:\/\/www.europesays.com\/fr\/wp-json\/wp\/v2\/users\/2"}],"replies":[{"embeddable":true,"href":"https:\/\/www.europesays.com\/fr\/wp-json\/wp\/v2\/comments?post=576817"}],"version-history":[{"count":0,"href":"https:\/\/www.europesays.com\/fr\/wp-json\/wp\/v2\/posts\/576817\/revisions"}],"wp:featuredmedia":[{"embeddable":true,"href":"https:\/\/www.europesays.com\/fr\/wp-json\/wp\/v2\/media\/576818"}],"wp:attachment":[{"href":"https:\/\/www.europesays.com\/fr\/wp-json\/wp\/v2\/media?parent=576817"}],"wp:term":[{"taxonomy":"category","embeddable":true,"href":"https:\/\/www.europesays.com\/fr\/wp-json\/wp\/v2\/categories?post=576817"},{"taxonomy":"post_tag","embeddable":true,"href":"https:\/\/www.europesays.com\/fr\/wp-json\/wp\/v2\/tags?post=576817"}],"curies":[{"name":"wp","href":"https:\/\/api.w.org\/{rel}","templated":true}]}}