{"id":576819,"date":"2025-12-04T05:03:17","date_gmt":"2025-12-04T05:03:17","guid":{"rendered":"https:\/\/www.europesays.com\/fr\/576819\/"},"modified":"2025-12-04T05:03:17","modified_gmt":"2025-12-04T05:03:17","slug":"lea-salame-ce-toc-de-la-presentatrice-du-20h-de-france-2-que-vous-avez-peut-etre-rate","status":"publish","type":"post","link":"https:\/\/www.europesays.com\/fr\/576819\/","title":{"rendered":"L\u00e9a Salam\u00e9 : ce toc de la pr\u00e9sentatrice du 20h de France 2 que vous avez peut-\u00eatre rat\u00e9"},"content":{"rendered":"<p data-start=\"67\" data-end=\"521\">De la radio aux plateaux t\u00e9l\u00e9,<br \/>\n<strong>L\u00e9a Salam\u00e9<\/strong> a construit une carri\u00e8re<br \/>\nimpressionnante, s\u2019imposant comme l\u2019une des journalistes les plus<br \/>\nrespect\u00e9es et influentes du paysage audiovisuel fran\u00e7ais. Si son<br \/>\npassage r\u00e9cent au JT de 20h sur France 2 a marqu\u00e9 les esprits, il<br \/>\nn\u2019a pas \u00e9t\u00e9 exempt de quelques couacs qui avaient fait grincer des<br \/>\ndents les t\u00e9l\u00e9spectateurs.<\/p>\n<p data-start=\"523\" data-end=\"982\">Aujourd\u2019hui, en tant<br \/>\nqu\u2019animatrice incontournable de <a href=\"https:\/\/www.closermag.fr\/people\/elle-a-tue-votre-frere-jean-louis-aubert-choque-le-plateau-de-quelle-epoque-avec-ses-revelations-sur-sa-mere-3600010\" target=\"_blank\" rel=\"noopener\"><br \/>\nQuelle \u00e9poque !<\/a>, L\u00e9a<br \/>\nSalam\u00e9 a su transformer son exp\u00e9rience et sa personnalit\u00e9 en<br \/>\natouts. Mais \u00e0 l\u2019\u00e9cran, comme beaucoup de ses confr\u00e8res et cons\u0153urs<br \/>\ntels que Cyril Hanouna, Bruce Toussaint, Anne-Claire Coudray ou<br \/>\nPascal Praud, elle affiche <strong>des tocs et petites<br \/>\nmanies<\/strong> qui attirent l\u2019\u0153il.<\/p>\n<p>Pascal Praud et Anne-Claire<br \/>\nCoudray : leurs petits rituels \u00e0 l\u2019antenne<\/p>\n<p data-start=\"825\" data-end=\"1590\" data-is-last-node=\"\" data-is-only-node=\"\">Devant les cam\u00e9ras de L\u2019Heure des pros, <a href=\"https:\/\/www.closermag.fr\/people\/pascal-praud-pris-pour-cible-par-lelysee-cette-video-surprise-devant-laquelle-il-va-setrangler-3600423\" target=\"_blank\" rel=\"noopener\"><br \/>\nPascal Praud<\/a> ne tient jamais en place : il bondit sur sa<br \/>\nchaise, l\u00e8ve les bras lors des \u00e9changes muscl\u00e9s et <strong>ajuste<br \/>\nsans cesse ses lunettes<\/strong> d\u00e8s qu\u2019il lit ses fiches, avant de<br \/>\nles retirer lorsque la discussion s\u2019emballe ou se d\u00e9tend. Ce<br \/>\nva-et-vient peut se r\u00e9p\u00e9ter une dizaine de fois par \u00e9mission.<\/p>\n<p data-start=\"825\" data-end=\"1590\" data-is-last-node=\"\" data-is-only-node=\"\">Anne-Claire Coudray, elle, dispose de ses<br \/>\npropres habitudes au JT de TF1. Apr\u00e8s une pr\u00e9paration millim\u00e9tr\u00e9e,<br \/>\nelle adopte en direct un mouvement tr\u00e8s reconnaissable : <strong>un<br \/>\nl\u00e9ger balancier du bras gauche coll\u00e9 au buste<\/strong>,<br \/>\nparfaitement synchronis\u00e9 avec son rythme de parole. Une gestuelle<br \/>\ndont elle a conscience, comme elle l\u2019expliquait \u00e0 Biba : \u00ab\u00a0C\u2019est un tic que j\u2019essaie<br \/>\nde ma\u00eetriser. Parce que je parle beaucoup avec mes mains\u00a0\u00bb.<\/p>\n<p>L\u00e9a Salam\u00e9<br \/>\n: un rire toujours dissimul\u00e9<\/p>\n<p data-start=\"45\" data-end=\"747\">Dans chaque \u00e9mission de<br \/>\nQuelle \u00e9poque!, L\u00e9a Salam\u00e9<br \/>\nfinit immanquablement par \u00e9clater de rire. Son automatisme est bien<br \/>\nrod\u00e9. <strong>Elle pivote l\u00e9g\u00e8rement \u00e0 gauche et masque son sourire<br \/>\nd\u2019une main, le stylo bleu coinc\u00e9 entre ses doigts<\/strong>.<br \/>\nParfois, elle utilise m\u00eame ses deux mains quand Philippe<br \/>\nCaverivi\u00e8re taquine son compagnon <a href=\"https:\/\/www.closermag.fr\/people\/lea-salame-celle-de-raphael-glucksmann-cette-soiree-dont-elle-a-beaucoup-entendu-parler-3519613\" target=\"_blank\" rel=\"noopener\"><br \/>\nRapha\u00ebl Glucksmann<\/a>. Ce geste lui vient d\u2019un ancien complexe li\u00e9<br \/>\n\u00e0 son sourire.<\/p>\n<p data-start=\"45\" data-end=\"747\">Comme elle le confiait \u00e0<br \/>\nMarie-Claire : \u00ab\u00a0J\u2019ai<br \/>\nappris \u00e0 \u00eatre \u00e0 l\u2019aise avec ma gueule, mon corps. <strong>J\u2019ai les<br \/>\ndents en avant<\/strong>, le nez un peu long, des kilos en trop. Je<br \/>\nl\u2019accepte. Lorsque ma m\u00e8re m\u2019a emmen\u00e9e, petite, chez<br \/>\nl\u2019orthodontiste, il a r\u00e9torqu\u00e9 que mon sourire ferait mon charme&#8230;<br \/>\nIl avait raison\u00a0\u00bb.<\/p>\n","protected":false},"excerpt":{"rendered":"De la radio aux plateaux t\u00e9l\u00e9, L\u00e9a Salam\u00e9 a construit une carri\u00e8re impressionnante, s\u2019imposant comme l\u2019une des journalistes&hellip;\n","protected":false},"author":2,"featured_media":576820,"comment_status":"","ping_status":"","sticky":false,"template":"","format":"standard","meta":{"footnotes":""},"categories":[1359],"tags":[21303,58,59,1011,27,3806,973,65861],"class_list":{"0":"post-576819","1":"post","2":"type-post","3":"status-publish","4":"format-standard","5":"has-post-thumbnail","7":"category-people","8":"tag-buzz_nonli","9":"tag-divertissement","10":"tag-entertainment","11":"tag-fr","12":"tag-france","13":"tag-lea-salame","14":"tag-people","15":"tag-trend"},"share_on_mastodon":{"url":"https:\/\/pubeurope.com\/@fr\/115659551821492252","error":""},"_links":{"self":[{"href":"https:\/\/www.europesays.com\/fr\/wp-json\/wp\/v2\/posts\/576819","targetHints":{"allow":["GET"]}}],"collection":[{"href":"https:\/\/www.europesays.com\/fr\/wp-json\/wp\/v2\/posts"}],"about":[{"href":"https:\/\/www.europesays.com\/fr\/wp-json\/wp\/v2\/types\/post"}],"author":[{"embeddable":true,"href":"https:\/\/www.europesays.com\/fr\/wp-json\/wp\/v2\/users\/2"}],"replies":[{"embeddable":true,"href":"https:\/\/www.europesays.com\/fr\/wp-json\/wp\/v2\/comments?post=576819"}],"version-history":[{"count":0,"href":"https:\/\/www.europesays.com\/fr\/wp-json\/wp\/v2\/posts\/576819\/revisions"}],"wp:featuredmedia":[{"embeddable":true,"href":"https:\/\/www.europesays.com\/fr\/wp-json\/wp\/v2\/media\/576820"}],"wp:attachment":[{"href":"https:\/\/www.europesays.com\/fr\/wp-json\/wp\/v2\/media?parent=576819"}],"wp:term":[{"taxonomy":"category","embeddable":true,"href":"https:\/\/www.europesays.com\/fr\/wp-json\/wp\/v2\/categories?post=576819"},{"taxonomy":"post_tag","embeddable":true,"href":"https:\/\/www.europesays.com\/fr\/wp-json\/wp\/v2\/tags?post=576819"}],"curies":[{"name":"wp","href":"https:\/\/api.w.org\/{rel}","templated":true}]}}