{"id":576821,"date":"2025-12-04T05:04:13","date_gmt":"2025-12-04T05:04:13","guid":{"rendered":"https:\/\/www.europesays.com\/fr\/576821\/"},"modified":"2025-12-04T05:04:13","modified_gmt":"2025-12-04T05:04:13","slug":"exposition-photo-a-graulhet-la-basane-dor-interroge-son-avenir","status":"publish","type":"post","link":"https:\/\/www.europesays.com\/fr\/576821\/","title":{"rendered":"Exposition photo \u00e0 Graulhet\u00a0: la Basane d\u2019Or interroge son avenir"},"content":{"rendered":"<p>\n                                                                    l&rsquo;essentiel<br \/>\n                                                                La 53e exposition photographique de la Basane d\u2019Or, organis\u00e9e par l\u2019\u00c9veil Artistique Graulh\u00e9tois, revient cette ann\u00e9e \u00e0 la salle de la FAR.\n                            <\/p>\n<p>Ce salon d\u2019art photographique valorise la cr\u00e9ativit\u00e9, le regard et le talent de nombreux photographes, locaux et d\u2019ailleurs. 49 photos r\u00e9alis\u00e9es par 8 participants sur deux th\u00e8mes, les march\u00e9s et les paysages couleurs d\u2019automne, sont expos\u00e9es jusqu\u2019au 6\u00a0d\u00e9cembre, rue du G\u00e9n\u00e9ral Sudre, et visibles de 15\u00a0heures \u00e0 18\u00a0heures.<\/p>\n<p>Ce salon d\u2019art photographique, cr\u00e9\u00e9 il y a plus de cinquante ans, en 1969, a eu ses heures de gloire, notamment avec des photographes comme Jean Rouzet, Claude Ribes, Claude Durand, Rapha\u00ebl Lopez et Jean-Claude Dayd\u00e9, et drainait parfois jusqu\u2019\u00e0 150 participants. Aujourd\u2019hui, la faible participation pousse les organisateurs \u00e0 s\u2019interroger.<\/p>\n<p>Parmi les pistes envisag\u00e9es\u00a0: ne d\u00e9finir qu\u2019un sujet au lieu de deux, ne pas diff\u00e9rencier par th\u00e8me la couleur et le noir et blanc, et renforcer la communication en amont du salon. Certes, tout n\u2019est pas \u00e0 changer\u00a0: les prix Basane et Mend\u00e8s r\u00e9compensent des s\u00e9ries d\u2019images qui racontent une histoire accompagn\u00e9e d\u2019un texte, et le jury est compos\u00e9 de photographes professionnels.<\/p>\n<p>L\u2019\u00c9veil Artistique fixe d\u00e9j\u00e0 rendez-vous en 2026 et, en attendant, suivons les conseils de Sebasti\u00e3o Salgado\u00a0: \u00ab\u00a0La patience est le secret de la r\u00e9ussite en photographie.\u00a0\u00bb<\/p>\n","protected":false},"excerpt":{"rendered":"l&rsquo;essentiel La 53e exposition photographique de la Basane d\u2019Or, organis\u00e9e par l\u2019\u00c9veil Artistique Graulh\u00e9tois, revient cette ann\u00e9e \u00e0&hellip;\n","protected":false},"author":2,"featured_media":576822,"comment_status":"","ping_status":"","sticky":false,"template":"","format":"standard","meta":{"footnotes":""},"categories":[1358],"tags":[1348,1384,1385,872,1386,58,59,1011,27,69113,8412],"class_list":{"0":"post-576821","1":"post","2":"type-post","3":"status-publish","4":"format-standard","5":"has-post-thumbnail","7":"category-arts-et-design","8":"tag-arts","9":"tag-arts-and-design","10":"tag-arts-et-design","11":"tag-culture-et-loisirs","12":"tag-design","13":"tag-divertissement","14":"tag-entertainment","15":"tag-fr","16":"tag-france","17":"tag-graulhet","18":"tag-tarn"},"share_on_mastodon":{"url":"https:\/\/pubeurope.com\/@fr\/115659555684869286","error":""},"_links":{"self":[{"href":"https:\/\/www.europesays.com\/fr\/wp-json\/wp\/v2\/posts\/576821","targetHints":{"allow":["GET"]}}],"collection":[{"href":"https:\/\/www.europesays.com\/fr\/wp-json\/wp\/v2\/posts"}],"about":[{"href":"https:\/\/www.europesays.com\/fr\/wp-json\/wp\/v2\/types\/post"}],"author":[{"embeddable":true,"href":"https:\/\/www.europesays.com\/fr\/wp-json\/wp\/v2\/users\/2"}],"replies":[{"embeddable":true,"href":"https:\/\/www.europesays.com\/fr\/wp-json\/wp\/v2\/comments?post=576821"}],"version-history":[{"count":0,"href":"https:\/\/www.europesays.com\/fr\/wp-json\/wp\/v2\/posts\/576821\/revisions"}],"wp:featuredmedia":[{"embeddable":true,"href":"https:\/\/www.europesays.com\/fr\/wp-json\/wp\/v2\/media\/576822"}],"wp:attachment":[{"href":"https:\/\/www.europesays.com\/fr\/wp-json\/wp\/v2\/media?parent=576821"}],"wp:term":[{"taxonomy":"category","embeddable":true,"href":"https:\/\/www.europesays.com\/fr\/wp-json\/wp\/v2\/categories?post=576821"},{"taxonomy":"post_tag","embeddable":true,"href":"https:\/\/www.europesays.com\/fr\/wp-json\/wp\/v2\/tags?post=576821"}],"curies":[{"name":"wp","href":"https:\/\/api.w.org\/{rel}","templated":true}]}}