{"id":576823,"date":"2025-12-04T05:06:39","date_gmt":"2025-12-04T05:06:39","guid":{"rendered":"https:\/\/www.europesays.com\/fr\/576823\/"},"modified":"2025-12-04T05:06:39","modified_gmt":"2025-12-04T05:06:39","slug":"talamasca-netflix-les-createurs-expliquent-la-fin-de-la-serie","status":"publish","type":"post","link":"https:\/\/www.europesays.com\/fr\/576823\/","title":{"rendered":"Talamasca (Netflix) : Les cr\u00e9ateurs expliquent la fin de la s\u00e9rie"},"content":{"rendered":"<p>Un peu plus d&rsquo;une semaine apr\u00e8s la diffusion de son \u00e9pisode final sur la cha\u00eene am\u00e9ricaine AMC, l&rsquo;int\u00e9grale de <a href=\"https:\/\/www.programme-tv.net\/news\/series-tv\/393128-talamasca-netflix-c-est-quoi-cette-serie-qui-debarque-avec-une-star-de-downton-abbey\/\" data-api-deeplink=\"teleloisirs:\/\/news\/393128\" target=\"_blank\" rel=\"noopener\">la s\u00e9rie Talamasca <\/a>est arriv\u00e9e sur <a href=\"https:\/\/www.programme-tv.net\/guide-netflix\/\" target=\"_blank\" rel=\"noopener\">Netflix<\/a>. Et <a href=\"https:\/\/www.programme-tv.net\/news\/series-tv\/391995-netflix-la-nouvelle-serie-adaptee-de-cette-autrice-aux-150-millions-de-livres-vendus-va-vous-faire-frissonner-en-decembre\/\" data-api-deeplink=\"teleloisirs:\/\/news\/391995\" target=\"_blank\" rel=\"noopener\">la s\u00e9rie, bas\u00e9e sur les livres Les Chroniques des vampires et La Saga des sorci\u00e8res d&rsquo;Anne Rice<\/a>, est loin d&rsquo;\u00eatre pass\u00e9e inaper\u00e7ue ! Alors que le top des s\u00e9ries les plus vues est &#8211; \u00e9videmment &#8211; domin\u00e9 par <a href=\"https:\/\/www.programme-tv.net\/news\/series-tv\/393164-monumental-les-fans-de-stranger-things-ne-se-remettent-pas-de-la-fin-epique-de-la-partie-1-de-la-saison-5\/\" data-api-deeplink=\"teleloisirs:\/\/news\/393164\" target=\"_blank\" rel=\"noopener\">la saison 5 de Stranger Things<\/a>, la fiction a r\u00e9ussi \u00e0 se hisser assez haut dans le classement. Elle se trouve d\u00e9sormais \u00e0 la deuxi\u00e8me place des s\u00e9ries les plus vues en France. La fiction a tenu les abonn\u00e9s en haleine jusqu&rsquo;\u00e0 son sixi\u00e8me et dernier \u00e9pisode.<\/p>\n<p>Comment se termine la saison 1 de Talamasca, The Secret Order ?<\/p>\n<p>Dans le final de Talamasca, Guy Anatole d\u00e9couvre que le \u00ab\u00a0752\u00a0\u00bb n&rsquo;est en r\u00e9alit\u00e9 qu&rsquo;une vampire aux capacit\u00e9s inhabituelles r\u00e9pondant au nom de Doris. Cette derni\u00e8re s&rsquo;av\u00e8re \u00eatre la s\u0153ur jumelle d&rsquo;Helen, qui s&rsquo;est mis \u00e0 dos les Talamasca en poursuivant son enqu\u00eate sur la myst\u00e9rieuse disparition de sa s\u0153ur. Jet\u00e9e en prison, Helen pourrait bien compter sur l&rsquo;aide du d\u00e9tective Ridge, intrigu\u00e9e par l&rsquo;enqu\u00eate qu&rsquo;elle a men\u00e9e sur les meurtres. Quant \u00e0 Guy et Doris, ils finissent par s&rsquo;\u00e9chapper \u00e0 bord d&rsquo;un ferry. La jeune femme explique qu&rsquo;elle pourrait savoir o\u00f9 se trouve la m\u00e8re de Guy. Des propos qui ne sont pas tomb\u00e9s dans l&rsquo;oreille d&rsquo;un sourd, puisque Guy et Doris sont observ\u00e9s par un agent travaillant pour Houseman. Ce dernier force d&rsquo;ailleurs secr\u00e8tement Jasper \u00e0 cr\u00e9er davantage de vampires.<\/p>\n<p>                        <b>Les cr\u00e9ateurs de <\/b><b>Talamasca <\/b><b>donnent des explications sur la fin riche en r\u00e9v\u00e9lations<\/b><\/p>\n<p>Le secret autour de Doris n&rsquo;a pas seulement \u00e9t\u00e9 un choc pour les t\u00e9l\u00e9spectateurs, il a \u00e9galement surpris les acteurs de Talamasca, \u00e0 l&rsquo;exception de Celine Buckens, qui a d\u00fb garder le secret. \u00ab\u00a0Je crois qu&rsquo;on a discut\u00e9 avec C\u00e9line apr\u00e8s qu&rsquo;on lui a r\u00e9v\u00e9l\u00e9 la v\u00e9rit\u00e9, et elle a d\u00fb garder le silence. L&rsquo;\u00e9quipe n&rsquo;\u00e9tait pas au courant. Doris et Celine cachaient un lourd secret, et Celine \u00e9tait sur le point d&rsquo;exploser. Quand le sc\u00e9nario est finalement sorti, tout le monde \u00e9tait au courant et le regard port\u00e9 sur C\u00e9line a chang\u00e9\u00a0\u00bb, a confi\u00e9 le cr\u00e9ateur et showrunner John Lee Hancock au m\u00e9dia am\u00e9ricain <a href=\"https:\/\/www.hollywoodreporter.com\/tv\/tv-features\/talamasca-the-secret-order-season-finale-twist-lestat-song-1236434030\/\" target=\"_blank\" rel=\"noopener\">The Hollywood Reporter<\/a>.<\/p>\n<p>En ce qui concerne les confidences de Doris sur l&rsquo;endroit o\u00f9 pourrait se trouver la m\u00e8re de Guy, le cr\u00e9ateur de Talamasca a expliqu\u00e9 aupr\u00e8s du site <a href=\"https:\/\/www.tvline.com\/2034219\/talamasca-season-1-episode-6-finale-ending-explained-doris-guy\/\" target=\"_blank\" rel=\"noopener\">TVLine <\/a>que \u00ab\u00a0ce n&rsquo;\u00e9tait pas forc\u00e9ment une r\u00e9v\u00e9lation soudaine\u00a0\u00bb. \u00ab\u00a0Guy et sa m\u00e8re n&rsquo;ont pas le m\u00eame nom de famille, donc elle ne devine pas imm\u00e9diatement qui est Guy. Dans le cinqui\u00e8me \u00e9pisode, Doris demande \u00e0 Guy le nom de sa m\u00e8re, et c&rsquo;est la premi\u00e8re fois qu&rsquo;elle le sait. On peut supposer sans se tromper que Doris, une fugitive qui se m\u00e9fie profond\u00e9ment des Talamasca et qui a probablement d\u00e9j\u00e0 \u00e9t\u00e9 trahie \u00e0 plusieurs reprises, m\u00eame avec Guy, h\u00e9site et se montre m\u00e9fiante \u00e0 l&rsquo;id\u00e9e de lui confier ce genre d&rsquo;information\u00a0\u00bb, a-t-il ajout\u00e9.<\/p>\n<p>            <b>Le cr\u00e9ateur John Lee Hancock vise une saison 2 pour <\/b><b>Talamasca<\/b><\/p>\n<p>\u00c0 ce jour, aucune saison 2 de Talamasca n&rsquo;a \u00e9t\u00e9 command\u00e9e par la cha\u00eene AMC. John Lee Hancock croise les doigts pour qu&rsquo;une suite leur soit accord\u00e9e afin de pouvoir continuer \u00e0 raconter l&rsquo;histoire de Guy et Doris. \u00ab\u00a0Ces deux personnages, Guy et Doris, et les acteurs, Celine Buckens et Nicholas Denton, forment un duo exceptionnel. Ce serait le r\u00eave de tout sc\u00e9nariste de continuer \u00e0 \u00e9crire pour eux et pour tous nos personnages\u00a0\u00bb, a-t-il confi\u00e9 \u00e0 TVLine.<\/p>\n<p>Article \u00e9crit en collaboration avec 6M\u00e9dias<\/p>\n","protected":false},"excerpt":{"rendered":"Un peu plus d&rsquo;une semaine apr\u00e8s la diffusion de son \u00e9pisode final sur la cha\u00eene am\u00e9ricaine AMC, l&rsquo;int\u00e9grale&hellip;\n","protected":false},"author":2,"featured_media":576824,"comment_status":"","ping_status":"","sticky":false,"template":"","format":"standard","meta":{"footnotes":""},"categories":[1356],"tags":[69114,244,58,59,1011,27,127,1722,129,252,1364],"class_list":{"0":"post-576823","1":"post","2":"type-post","3":"status-publish","4":"format-standard","5":"has-post-thumbnail","7":"category-television","8":"tag-anne-rices-talamasca-the-secret-order","9":"tag-commentaire","10":"tag-divertissement","11":"tag-entertainment","12":"tag-fr","13":"tag-france","14":"tag-netflix","15":"tag-pub-streaming-netflix","16":"tag-svod","17":"tag-television","18":"tag-tv"},"share_on_mastodon":{"url":"https:\/\/pubeurope.com\/@fr\/115659563550938360","error":""},"_links":{"self":[{"href":"https:\/\/www.europesays.com\/fr\/wp-json\/wp\/v2\/posts\/576823","targetHints":{"allow":["GET"]}}],"collection":[{"href":"https:\/\/www.europesays.com\/fr\/wp-json\/wp\/v2\/posts"}],"about":[{"href":"https:\/\/www.europesays.com\/fr\/wp-json\/wp\/v2\/types\/post"}],"author":[{"embeddable":true,"href":"https:\/\/www.europesays.com\/fr\/wp-json\/wp\/v2\/users\/2"}],"replies":[{"embeddable":true,"href":"https:\/\/www.europesays.com\/fr\/wp-json\/wp\/v2\/comments?post=576823"}],"version-history":[{"count":0,"href":"https:\/\/www.europesays.com\/fr\/wp-json\/wp\/v2\/posts\/576823\/revisions"}],"wp:featuredmedia":[{"embeddable":true,"href":"https:\/\/www.europesays.com\/fr\/wp-json\/wp\/v2\/media\/576824"}],"wp:attachment":[{"href":"https:\/\/www.europesays.com\/fr\/wp-json\/wp\/v2\/media?parent=576823"}],"wp:term":[{"taxonomy":"category","embeddable":true,"href":"https:\/\/www.europesays.com\/fr\/wp-json\/wp\/v2\/categories?post=576823"},{"taxonomy":"post_tag","embeddable":true,"href":"https:\/\/www.europesays.com\/fr\/wp-json\/wp\/v2\/tags?post=576823"}],"curies":[{"name":"wp","href":"https:\/\/api.w.org\/{rel}","templated":true}]}}