{"id":576825,"date":"2025-12-04T05:08:15","date_gmt":"2025-12-04T05:08:15","guid":{"rendered":"https:\/\/www.europesays.com\/fr\/576825\/"},"modified":"2025-12-04T05:08:15","modified_gmt":"2025-12-04T05:08:15","slug":"helene-segara-cet-heureux-evenement-prevu-pour-fevrier-2026","status":"publish","type":"post","link":"https:\/\/www.europesays.com\/fr\/576825\/","title":{"rendered":"H\u00e9l\u00e8ne S\u00e9gara : cet heureux \u00e9v\u00e8nement pr\u00e9vu pour f\u00e9vrier 2026"},"content":{"rendered":"<p>H\u00e9l\u00e8ne S\u00e9gara s\u2019appr\u00eate \u00e0 vivre un moment majeur de sa carri\u00e8re\u2026 et ses fans aussi. \u00c0 travers un message publi\u00e9 sur Instagram, la chanteuse a annonc\u00e9 un \u00e9v\u00e8nement que beaucoup attendaient sans vraiment oser l\u2019esp\u00e9rer : <strong>un concert symphonique exceptionnel, pr\u00e9vu le 28 f\u00e9vrier 2026 \u00e0 la Salle Pleyel,<\/strong> pour c\u00e9l\u00e9brer l\u2019anniversaire de sa carri\u00e8re. Un rendez-vous rare, charg\u00e9 d\u2019\u00e9motion, qui s\u2019annonce d\u00e9j\u00e0 comme un v\u00e9ritable temps fort musical de l\u2019ann\u00e9e 2026.<\/p>\n<p><strong>Une annonce qui enflamme les r\u00e9seaux sociaux<\/strong><\/p>\n<p>Dans une publication o\u00f9 elle d\u00e9voile le visuel officiel du spectacle, <a href=\"https:\/\/www.public.fr\/tag\/helene-segara\" target=\"_blank\" rel=\"noopener\">H\u00e9l\u00e8ne S\u00e9gara<\/a> partage sa joie et son impatience :<\/p>\n<p>\u00ab\u00a0Comme promis, je vous fais d\u00e9couvrir le visuel pour mon concert symphonique. Je vous donne rendez-vous le 28 f\u00e9vrier 2026 Salle Pleyel pour f\u00eater l\u2019anniversaire de ma carri\u00e8re avec un sublime orchestre, des invit\u00e9s merveilleux et beaucoup de surprises\u2026\u00a0\u00bb. <\/p>\n<p>En quelques heures seulement, <strong>les r\u00e9actions ont afflu\u00e9 sous la publication<\/strong>. Les internautes, \u00e9mus et enthousiastes, n\u2019ont pas tard\u00e9 \u00e0 confirmer leur pr\u00e9sence ou \u00e0 exprimer leur impatience de revoir l\u2019artiste de 54 ans dans un \u00e9crin aussi prestigieux que la Salle Pleyel.<\/p>\n<p><strong>Un concert \u00e9v\u00e9nement d\u00e9j\u00e0 presque complet<\/strong><\/p>\n<p>Preuve du lien ind\u00e9fectible qui unit H\u00e9l\u00e8ne S\u00e9gara \u00e0 son public, <strong>les places se sont arrach\u00e9es<\/strong>\u2026 avant m\u00eame le lancement officiel de la promotion. La chanteuse elle-m\u00eame s\u2019en est amus\u00e9e et \u00e9tonn\u00e9e :<\/p>\n<p>\u00ab\u00a0Attention, m\u00eame sans avoir d\u00e9marr\u00e9 la promo, il ne reste d\u00e9j\u00e0 plus beaucoup de places et je vous en remercie du fond du c\u0153ur.  J\u2019ai h\u00e2te !!!\u00a0\u00bb<\/p>\n<p>Une situation qui t\u00e9moigne \u00e0 la fois <a href=\"https:\/\/www.public.fr\/helene-segara-inquiete-ses-fans-decouvrent-quelle-porte-une-perruque\" target=\"_blank\" rel=\"noopener\">de la fid\u00e9lit\u00e9 des fans<\/a> et de la raret\u00e9 de ce type de spectacle dans la carri\u00e8re de l\u2019interpr\u00e8te de Vivo per lei ou Il y a trop de gens qui t\u2019aiment. Les concerts symphoniques, qui permettent de revisiter les plus grands titres avec une somptueuse orchestration, offrent une dimension unique, souvent r\u00e9serv\u00e9e aux grands anniversaires artistiques.<\/p>\n<p><strong>Un anniversaire de carri\u00e8re c\u00e9l\u00e9br\u00e9 en grand<\/strong><\/p>\n<p>Dans son message, H\u00e9l\u00e8ne S\u00e9gara promet un show exceptionnel : un orchestre symphonique complet, des invit\u00e9s prestigieux, un programme musical revisit\u00e9, de nombreuses surprises destin\u00e9es \u00e0 retracer ses d\u00e9cennies de succ\u00e8s.<\/p>\n<p>Pour la chanteuse, ce rendez-vous n\u2019est pas seulement un concert : c\u2019est un hommage \u00e0 son parcours, \u00e0 sa r\u00e9silience, et \u00e0 son public qui l\u2019a accompagn\u00e9e durant toutes ces ann\u00e9es, y compris dans les p\u00e9riodes les plus difficiles.<\/p>\n<p>Depuis ses d\u00e9buts dans les ann\u00e9es 90 jusqu\u2019\u00e0 son triomphe dans Notre-Dame de Paris, <a href=\"https:\/\/www.public.fr\/on-se-frite-pas-toujours-simple-helene-segara-dit-tout-de-sa-relation-avec-marianne-james-dans-la-france-a-un-incroyable-talent\" target=\"_blank\" rel=\"noopener\">H\u00e9l\u00e8ne S\u00e9gara a travers\u00e9 les \u00e9poques<\/a> en conservant une relation privil\u00e9gi\u00e9e avec ses admirateurs. Sa voix, son authenticit\u00e9 et sa sensibilit\u00e9 ont touch\u00e9 plusieurs g\u00e9n\u00e9rations.<\/p>\n<p>Ce concert symphonique, pr\u00e9vu pour <strong>f\u00e9vrier 2026<\/strong>, s\u2019annonce comme un moment suspendu, empreint de nostalgie mais aussi d\u2019\u00e9lan vers l\u2019avenir. L\u2019artiste invite d\u2019ailleurs tous ceux qui ont d\u00e9j\u00e0 leur billet \u00e0 se manifester : \u00ab\u00a0Ceux qui seront l\u00e0, dites-le moi dans les commentaires\u00a0\u00bb. Un appel qui souligne une fois encore l\u2019importance qu\u2019elle accorde au lien humain dans chaque \u00e9tape de sa carri\u00e8re.<\/p>\n<p>\n          Hits &amp; People en continu\n        <\/p>\n<p>\n          Public Radio\n        <\/p>\n<p>      Mentionn\u00e9s dans cet article<\/p>\n<p>      Sur le m\u00eame sujet<\/p>\n","protected":false},"excerpt":{"rendered":"H\u00e9l\u00e8ne S\u00e9gara s\u2019appr\u00eate \u00e0 vivre un moment majeur de sa carri\u00e8re\u2026 et ses fans aussi. \u00c0 travers un&hellip;\n","protected":false},"author":2,"featured_media":576826,"comment_status":"","ping_status":"","sticky":false,"template":"","format":"standard","meta":{"footnotes":""},"categories":[1355],"tags":[3581,1282,1697,58,59,1011,27,38075,1361,873,10598],"class_list":{"0":"post-576825","1":"post","2":"type-post","3":"status-publish","4":"format-standard","5":"has-post-thumbnail","7":"category-musique","8":"tag-anniversaire","9":"tag-carriere","10":"tag-concert","11":"tag-divertissement","12":"tag-entertainment","13":"tag-fr","14":"tag-france","15":"tag-helene-segara","16":"tag-music","17":"tag-musique","18":"tag-musique-francaise"},"share_on_mastodon":{"url":"https:\/\/pubeurope.com\/@fr\/115659571529029140","error":""},"_links":{"self":[{"href":"https:\/\/www.europesays.com\/fr\/wp-json\/wp\/v2\/posts\/576825","targetHints":{"allow":["GET"]}}],"collection":[{"href":"https:\/\/www.europesays.com\/fr\/wp-json\/wp\/v2\/posts"}],"about":[{"href":"https:\/\/www.europesays.com\/fr\/wp-json\/wp\/v2\/types\/post"}],"author":[{"embeddable":true,"href":"https:\/\/www.europesays.com\/fr\/wp-json\/wp\/v2\/users\/2"}],"replies":[{"embeddable":true,"href":"https:\/\/www.europesays.com\/fr\/wp-json\/wp\/v2\/comments?post=576825"}],"version-history":[{"count":0,"href":"https:\/\/www.europesays.com\/fr\/wp-json\/wp\/v2\/posts\/576825\/revisions"}],"wp:featuredmedia":[{"embeddable":true,"href":"https:\/\/www.europesays.com\/fr\/wp-json\/wp\/v2\/media\/576826"}],"wp:attachment":[{"href":"https:\/\/www.europesays.com\/fr\/wp-json\/wp\/v2\/media?parent=576825"}],"wp:term":[{"taxonomy":"category","embeddable":true,"href":"https:\/\/www.europesays.com\/fr\/wp-json\/wp\/v2\/categories?post=576825"},{"taxonomy":"post_tag","embeddable":true,"href":"https:\/\/www.europesays.com\/fr\/wp-json\/wp\/v2\/tags?post=576825"}],"curies":[{"name":"wp","href":"https:\/\/api.w.org\/{rel}","templated":true}]}}