{"id":576829,"date":"2025-12-04T05:10:18","date_gmt":"2025-12-04T05:10:18","guid":{"rendered":"https:\/\/www.europesays.com\/fr\/576829\/"},"modified":"2025-12-04T05:10:18","modified_gmt":"2025-12-04T05:10:18","slug":"une-etude-devoile-un-lien-troublant","status":"publish","type":"post","link":"https:\/\/www.europesays.com\/fr\/576829\/","title":{"rendered":"une \u00e9tude d\u00e9voile un lien troublant"},"content":{"rendered":"<p>En France, <a href=\"https:\/\/www.futura-sciences.com\/sante\/actualites\/medecine-tatouages-entravent-production-notre-transpiration-84115\/\" title=\"Les tatouages entravent la production de notre transpiration\" target=\"_blank\" rel=\"noopener\">les tatouages<\/a> connaissent un essor spectaculaire : le nombre de salons est pass\u00e9 d&rsquo;une vingtaine dans les ann\u00e9es 1980 \u00e0 plus de 5\u202f000 \u00e9tablissements en 2023 et pr\u00e8s d&rsquo;un Fran\u00e7ais sur cinq d\u00e9clare en porter au moins un. Lorsque l&rsquo;on choisit de se faire tatouer, on pense au dessin, \u00e0 la symbolique, parfois \u00e0 la douleur, mais rarement aux cons\u00e9quences possibles sur la sant\u00e9 \u00e0 long terme.<\/p>\n<p>Une nouvelle \u00e9tude \u00e9pid\u00e9miologique, publi\u00e9e dans <a href=\"https:\/\/link.springer.com\/article\/10.1007\/s10654-025-01326-6\" title=\"Does tattoo exposure increase the risk of cutaneous melanoma? A population-based case-control study\" target=\"_blank\" rel=\"noopener\">European Journal of Epidemiology<\/a>, sugg\u00e8re aujourd&rsquo;hui que les tatouages pourraient constituer un facteur de risque potentiel de m\u00e9lanome. Un r\u00e9sultat qui, sans alarmer, invite \u00e0 approfondir les recherches.<\/p>\n<p>Une \u00e9tude su\u00e9doise qui interroge le lien entre encre et cancer<\/p>\n<p>Malgr\u00e9 la popularit\u00e9 croissante des tatouages, les connaissances scientifiques sur leurs effets \u00e0 long terme restent limit\u00e9es. Les chercheurs de l&rsquo;universit\u00e9 de Lund en Su\u00e8de tentent depuis plusieurs ann\u00e9es de combler cette lacune.\u00a0<\/p>\n<p>En 2024, <a href=\"https:\/\/www.lunduniversity.lu.se\/article\/possible-association-between-tattoos-and-lymphoma-revealed\" title=\"Possible association between tattoos and lymphoma revealed\" target=\"_blank\" rel=\"noopener\">une \u00e9tude<\/a>\u00a0a mis en \u00e9vidence un lien possible avec le lymphome,\u00a0\u00a0une autre, publi\u00e9e plus t\u00f4t en 2025, n&rsquo;a en revanche pas trouv\u00e9 d&rsquo;association avec le carcinome \u00e9pidermo\u00efde <a href=\"https:\/\/www.futura-sciences.com\/sante\/definitions\/medecine-cutane-3211\/\" target=\"_blank\" rel=\"noopener\">cutan\u00e9<\/a>.<\/p>\n<p>La nouvelle \u00e9tude s&rsquo;appuie sur 2\u202f880 personnes \u00e2g\u00e9es de 20 \u00e0 60 ans ayant re\u00e7u un diagnostic de <a href=\"https:\/\/www.futura-sciences.com\/sante\/actualites\/cancer-peau-scientifiques-parviennent-traiter-certains-melanomes-graves-virus-herpes-genetiquement-modifie-123625\/\" title=\"Des scientifiques parviennent \u00e0 traiter certains m\u00e9lanomes graves avec un virus de l\u2019herp\u00e8s g\u00e9n\u00e9tiquement modifi\u00e9\" target=\"_blank\" rel=\"noopener\">m\u00e9lanome<\/a>, identifi\u00e9es dans le Registre national du <a href=\"https:\/\/www.futura-sciences.com\/sante\/definitions\/cancer-cancer-108\/\" target=\"_blank\" rel=\"noopener\">cancer<\/a> su\u00e9dois. Chaque patient a \u00e9t\u00e9 appari\u00e9 \u00e0 trois t\u00e9moins non atteints de cancer, du m\u00eame \u00e2ge et du m\u00eame sexe. Les chercheurs ont ensuite recueilli des donn\u00e9es sur l&rsquo;existence de tatouages, les habitudes d&rsquo;exposition au <a href=\"https:\/\/www.futura-sciences.com\/sciences\/definitions\/univers-soleil-3727\/\" target=\"_blank\" rel=\"noopener\">soleil<\/a>, l&rsquo;utilisation de <a href=\"https:\/\/www.futura-sciences.com\/sante\/actualites\/cancer-peau-cabines-bronzage-sont-dangereuses-mais-toujours-utilisees-104352\/\" title=\"Les cabines de bronzage sont dangereuses mais toujours utilis\u00e9es\" target=\"_blank\" rel=\"noopener\">cabines UV<\/a> et le phototype.<\/p>\n<p>R\u00e9sultat : 22\u202f% des personnes atteintes de m\u00e9lanome \u00e9taient tatou\u00e9es, contre 20\u202f% dans le groupe t\u00e9moin. Mais apr\u00e8s ajustement des facteurs li\u00e9s au mode de vie, l&rsquo;\u00e9cart se creuse.<\/p>\n<p>\u00ab Nous ignorons les effets \u00e0 long terme des tatouages \u200b\u200bsur la sant\u00e9. Il est donc n\u00e9cessaire de d\u00e9terminer s&rsquo;il existe un lien entre l&rsquo;encre de tatouage et le <a href=\"https:\/\/www.futura-sciences.com\/sante\/definitions\/medecine-melanome-2165\/\" target=\"_blank\" rel=\"noopener\">cancer de la peau<\/a> \u00bb, souligne Christel Nielsen, professeure agr\u00e9g\u00e9e et \u00e9pid\u00e9miologiste \u00e0 l&rsquo;universit\u00e9 de Lund.<\/p>\n<p>Selon l&rsquo;\u00e9quipe, les personnes tatou\u00e9es pr\u00e9sentent un risque relatif de m\u00e9lanome augment\u00e9 de 29\u202f% par rapport aux non-tatou\u00e9es. \u00ab Une augmentation au niveau des groupes, non des individus \u00bb, insiste la chercheuse, qui appelle \u00e0 la prudence dans l&rsquo;interpr\u00e9tation des chiffres.<\/p>\n<p class=\"fs-media\">\n<p><img decoding=\"async\" data-imgid=\"full\" src=\"https:\/\/www.europesays.com\/fr\/wp-content\/uploads\/2025\/12\/encre-tatouage.jpeg\" width=\"1080\" height=\"720\" alt=\"\" loading=\"lazy\"\/><br \/>\nLes encres, notamment celles contenant des pigments azo\u00efques, peuvent se transformer en compos\u00e9s r\u00e9actifs sous l\u2019effet des UV. Cette transformation fait partie des pistes explor\u00e9es pour comprendre le possible lien avec le m\u00e9lanome. \u00a9 romaset, Adobe Stock<\/p>\n<p>Pourquoi un tel lien ? Le r\u00f4le des pigments et du syst\u00e8me immunitaire<\/p>\n<p>Lorsque l&rsquo;encre est inject\u00e9e dans le <a href=\"https:\/\/www.futura-sciences.com\/sante\/definitions\/medecine-derme-3236\/\" target=\"_blank\" rel=\"noopener\">derme<\/a>, le corps la consid\u00e8re comme un corps \u00e9tranger. Les cellules immunitaires encapsulent alors les pigments et les transportent en partie vers les <a href=\"https:\/\/www.futura-sciences.com\/sante\/definitions\/corps-humain-ganglion-lymphatique-15732\/\" target=\"_blank\" rel=\"noopener\">ganglions lymphatiques<\/a>.\u00a0<\/p>\n<p>Les colorants azo\u00efques, tr\u00e8s courants dans les encres, focalisent particuli\u00e8rement l&rsquo;attention des scientifiques.\u00a0\u00ab Les pigments azo\u00efques peuvent se d\u00e9composer en substances chimiques nocives susceptibles de provoquer des cancers. Ce risque est particuli\u00e8rement \u00e9lev\u00e9 en cas d&rsquo;exposition aux rayons <a href=\"https:\/\/www.futura-sciences.com\/sciences\/definitions\/physique-ultraviolet-1003\/\" target=\"_blank\" rel=\"noopener\">UV<\/a> du soleil, des cabines de bronzage ou des traitements au <a href=\"https:\/\/www.futura-sciences.com\/sciences\/definitions\/physique-laser-1989\/\" target=\"_blank\" rel=\"noopener\">laser<\/a> \u00bb, explique Emelie Rietz Liljedahl, chercheuse en <a href=\"https:\/\/www.futura-sciences.com\/sante\/definitions\/biologie-toxicologie-6519\/\" target=\"_blank\" rel=\"noopener\">toxicologie<\/a>.<\/p>\n<p>Depuis 2022, le r\u00e8glement europ\u00e9en Reach\u00a0impose des limites strictes \u00e0 la composition des encres de tatouage. Malgr\u00e9 cela, <a href=\"https:\/\/www.snat.info\/articles\/148313-du-plomb-dans-les-encres-reach\" title=\"Du plomb dans les encres REACH ?\" target=\"_blank\" rel=\"noopener\">une analyse de la DGCCF<\/a> (Direction g\u00e9n\u00e9rale de la consommation, de la concurrence et des fraudes), datant de 2024, r\u00e9v\u00e8le encore des non-conformit\u00e9s, avec des niveaux de substances toxiques sup\u00e9rieurs aux seuils autoris\u00e9s.<\/p>\n<p>Les chercheurs pensent \u00e9galement que <a href=\"https:\/\/www.futura-sciences.com\/sante\/dossiers\/medecine-cancer-mecanismes-biologiques-1453\/page\/15\/\" title=\"Cancer et syst\u00e8me immunitaire\" target=\"_blank\" rel=\"noopener\">le syst\u00e8me immunitaire<\/a> pourrait jouer un r\u00f4le central dans la r\u00e9ponse de l&rsquo;organisme \u00e0 l&rsquo;encre. \u00ab Nos r\u00e9sultats indiquent qu&rsquo;il pourrait se passer quelque chose au niveau immunitaire. Nous allons donc explorer les liens possibles entre exposition aux tatouages et <a href=\"https:\/\/www.futura-sciences.com\/sante\/definitions\/medecine-maladies-auto-immunes-2485\/\" target=\"_blank\" rel=\"noopener\">maladies auto-immunes<\/a> comme le <a href=\"https:\/\/www.futura-sciences.com\/sante\/definitions\/medecine-psoriasis-10297\/\" target=\"_blank\" rel=\"noopener\">psoriasis<\/a> ou les affections thyro\u00efdiennes \u00bb, ajoute Christel Nielsen.<\/p>\n<p>La popularit\u00e9 croissante des tatouages donne \u00e0 cette \u00e9tude une r\u00e9elle port\u00e9e en <a href=\"https:\/\/www.futura-sciences.com\/sciences\/definitions\/matiere-matiere-15841\/\" target=\"_blank\" rel=\"noopener\">mati\u00e8re<\/a> de sant\u00e9 publique. Le lien observ\u00e9 entre tatouage\u00a0et m\u00e9lanome ne prouve pas une relation de cause \u00e0 effet, mais il sugg\u00e8re une tendance pr\u00e9occupante qui n\u00e9cessite des recherches approfondies.<\/p>\n","protected":false},"excerpt":{"rendered":"En France, les tatouages connaissent un essor spectaculaire : le nombre de salons est pass\u00e9 d&rsquo;une vingtaine dans&hellip;\n","protected":false},"author":2,"featured_media":576830,"comment_status":"","ping_status":"","sticky":false,"template":"","format":"standard","meta":{"footnotes":""},"categories":[10],"tags":[69119,101,23494,69117,69118,69115,1011,27,72,69116,23496,69120,47649,71,22598,3735],"class_list":{"0":"post-576829","1":"post","2":"type-post","3":"status-publish","4":"format-standard","5":"has-post-thumbnail","7":"category-sante","8":"tag-cabine-uv","9":"tag-cancer","10":"tag-cancer-de-la-peau","11":"tag-colorants","12":"tag-derme","13":"tag-encre","14":"tag-fr","15":"tag-france","16":"tag-health","17":"tag-lymphome","18":"tag-melanome","19":"tag-phototype","20":"tag-pigments","21":"tag-sante","22":"tag-systeme-immunitaire","23":"tag-tatouage"},"share_on_mastodon":{"url":"https:\/\/pubeurope.com\/@fr\/115659580492144165","error":""},"_links":{"self":[{"href":"https:\/\/www.europesays.com\/fr\/wp-json\/wp\/v2\/posts\/576829","targetHints":{"allow":["GET"]}}],"collection":[{"href":"https:\/\/www.europesays.com\/fr\/wp-json\/wp\/v2\/posts"}],"about":[{"href":"https:\/\/www.europesays.com\/fr\/wp-json\/wp\/v2\/types\/post"}],"author":[{"embeddable":true,"href":"https:\/\/www.europesays.com\/fr\/wp-json\/wp\/v2\/users\/2"}],"replies":[{"embeddable":true,"href":"https:\/\/www.europesays.com\/fr\/wp-json\/wp\/v2\/comments?post=576829"}],"version-history":[{"count":0,"href":"https:\/\/www.europesays.com\/fr\/wp-json\/wp\/v2\/posts\/576829\/revisions"}],"wp:featuredmedia":[{"embeddable":true,"href":"https:\/\/www.europesays.com\/fr\/wp-json\/wp\/v2\/media\/576830"}],"wp:attachment":[{"href":"https:\/\/www.europesays.com\/fr\/wp-json\/wp\/v2\/media?parent=576829"}],"wp:term":[{"taxonomy":"category","embeddable":true,"href":"https:\/\/www.europesays.com\/fr\/wp-json\/wp\/v2\/categories?post=576829"},{"taxonomy":"post_tag","embeddable":true,"href":"https:\/\/www.europesays.com\/fr\/wp-json\/wp\/v2\/tags?post=576829"}],"curies":[{"name":"wp","href":"https:\/\/api.w.org\/{rel}","templated":true}]}}