{"id":576835,"date":"2025-12-04T05:13:16","date_gmt":"2025-12-04T05:13:16","guid":{"rendered":"https:\/\/www.europesays.com\/fr\/576835\/"},"modified":"2025-12-04T05:13:16","modified_gmt":"2025-12-04T05:13:16","slug":"liphone-se-au-rancart-quelles-consequences-pour-les-appareils-classes-obsoletes-par-apple","status":"publish","type":"post","link":"https:\/\/www.europesays.com\/fr\/576835\/","title":{"rendered":"L\u2019IPhone SE au rancart, quelles cons\u00e9quences pour les appareils class\u00e9s \u00ab\u00a0obsol\u00e8tes\u00a0\u00bb par Apple\u00a0?"},"content":{"rendered":"<p>\n                                                                    l&rsquo;essentiel<br \/>\n                                                                Depuis le 1er\u00a0d\u00e9cembre, le premier iPhone SE a rejoint la liste des produits obsol\u00e8tes chez Apple. Une mise au rancart \u00e0 savoir par tous ceux qui ont pr\u00e9vu de d\u00e9poser un IPhone reconditionn\u00e9 ou d\u2019occasion au pied du sapin de No\u00ebl, car elle n\u2019est pas sans cons\u00e9quence pour les propri\u00e9taires de ce mod\u00e8le.\n                            <\/p>\n<p>Depuis le 1er\u00a0d\u00e9cembre 2025, la premi\u00e8re g\u00e9n\u00e9ration d\u2019iPhone SE lanc\u00e9e en 2016 appartient\u00a0officiellement \u00e0 \u00ab\u00a0la liste noire\u00a0\u00bb des produits consid\u00e9r\u00e9s comme obsol\u00e8tes par Apple, entra\u00eenant des limitations importantes en mati\u00e8re de r\u00e9paration notamment.<\/p>\n<p>Quelles sont les cons\u00e9quences concr\u00e8tes pour les produits frapp\u00e9s d\u2019obsolescence\u00a0? Des solutions de r\u00e9parations limit\u00e9es principalement.\u00a0Apple ne prend plus aucune r\u00e9paration mat\u00e9rielle en charge et les r\u00e9parations en Apple Store seront accept\u00e9es jusqu\u2019\u00e0 \u00e9puisement des pi\u00e8ces encore disponibles en stock. De la m\u00eame fa\u00e7on, les centres de services agr\u00e9\u00e9s ne pourront plus commander les composants n\u00e9cessaires.\u00a0Seules solutions pour les propri\u00e9taires de ces mod\u00e8les, recourir en cas de panne aux services\u00a0de\u00a0r\u00e9parateurs tiers non agr\u00e9\u00e9s par Apple, sans garantie de trouver des pi\u00e8ces de rechange et de qualit\u00e9.<\/p>\n<p>Pas que l\u2019IPhone SE<\/p>\n<p>Ce mod\u00e8le, qui avait marqu\u00e9 son \u00e9poque par son format compact (\u00e9cran 4 pouces, design d\u2019iPhone 5s), sa puce A9 puissante et surtout son prix abordable (489\u00a0\u20ac pour la version 16 Go), est le seul smartphone \u00e0 sombrer dans\u00a0la cat\u00e9gorie obsol\u00e8te en d\u00e9cembre\u00a02025. Mais d\u2019autres produits de la marque \u00e0 la pomme sont\u00a0concern\u00e9s. Il s\u2019agit de la deuxi\u00e8me g\u00e9n\u00e9ration d\u2019iPad Pro de 12,9\u00a0pouces, ainsi que des Apple Watch Series 4 Herm\u00e8s et Nike.<\/p>\n<p>Quand faut-il craindre un classement en obsolescence\u00a0?<\/p>\n<p>Deux ans avant son inscription\u00a0sur la \u00ab\u00a0liste noire\u00a0\u00bb, un produit Apple re\u00e7oit le qualificatif\u00a0\u00ab\u00a0ancien\u00a0\u00bb\u00a0par son constructeur, une fa\u00e7on d\u2019avertir l\u2019utilisateur du prochain classement en obsolescence et de l\u2019arr\u00eat \u00e0 venir de r\u00e9parations agr\u00e9\u00e9es.<\/p>\n<p>Pour rappel\u00a0: le statut \u00ab\u00a0ancien\u00a0\u00bb est attribu\u00e9 par Apple \u00e0 un appareil\u00a05 ans apr\u00e8s avoir cess\u00e9 d\u2019\u00eatre commercialis\u00e9 par Apple, contre 7 ans pour le classement \u00e0 la liste des produits \u00ab\u00a0obsol\u00e8tes\u00a0\u00bb.<\/p>\n","protected":false},"excerpt":{"rendered":"l&rsquo;essentiel Depuis le 1er\u00a0d\u00e9cembre, le premier iPhone SE a rejoint la liste des produits obsol\u00e8tes chez Apple. Une&hellip;\n","protected":false},"author":2,"featured_media":576836,"comment_status":"","ping_status":"","sticky":false,"template":"","format":"standard","meta":{"footnotes":""},"categories":[7],"tags":[1011,27,329,43,40,41,39,42,44,69121],"class_list":{"0":"post-576835","1":"post","2":"type-post","3":"status-publish","4":"format-standard","5":"has-post-thumbnail","7":"category-sciences-et-technologies","8":"tag-fr","9":"tag-france","10":"tag-france-monde","11":"tag-science","12":"tag-science-and-technology","13":"tag-sciences","14":"tag-sciences-et-technologies","15":"tag-technologies","16":"tag-technology","17":"tag-vie-pratique-conso"},"share_on_mastodon":{"url":"https:\/\/pubeurope.com\/@fr\/115659591130938752","error":""},"_links":{"self":[{"href":"https:\/\/www.europesays.com\/fr\/wp-json\/wp\/v2\/posts\/576835","targetHints":{"allow":["GET"]}}],"collection":[{"href":"https:\/\/www.europesays.com\/fr\/wp-json\/wp\/v2\/posts"}],"about":[{"href":"https:\/\/www.europesays.com\/fr\/wp-json\/wp\/v2\/types\/post"}],"author":[{"embeddable":true,"href":"https:\/\/www.europesays.com\/fr\/wp-json\/wp\/v2\/users\/2"}],"replies":[{"embeddable":true,"href":"https:\/\/www.europesays.com\/fr\/wp-json\/wp\/v2\/comments?post=576835"}],"version-history":[{"count":0,"href":"https:\/\/www.europesays.com\/fr\/wp-json\/wp\/v2\/posts\/576835\/revisions"}],"wp:featuredmedia":[{"embeddable":true,"href":"https:\/\/www.europesays.com\/fr\/wp-json\/wp\/v2\/media\/576836"}],"wp:attachment":[{"href":"https:\/\/www.europesays.com\/fr\/wp-json\/wp\/v2\/media?parent=576835"}],"wp:term":[{"taxonomy":"category","embeddable":true,"href":"https:\/\/www.europesays.com\/fr\/wp-json\/wp\/v2\/categories?post=576835"},{"taxonomy":"post_tag","embeddable":true,"href":"https:\/\/www.europesays.com\/fr\/wp-json\/wp\/v2\/tags?post=576835"}],"curies":[{"name":"wp","href":"https:\/\/api.w.org\/{rel}","templated":true}]}}