{"id":576837,"date":"2025-12-04T05:14:13","date_gmt":"2025-12-04T05:14:13","guid":{"rendered":"https:\/\/www.europesays.com\/fr\/576837\/"},"modified":"2025-12-04T05:14:13","modified_gmt":"2025-12-04T05:14:13","slug":"donald-trump-annonce-la-suppression-de-restrictions-sur-la-consommation-des-vehicules","status":"publish","type":"post","link":"https:\/\/www.europesays.com\/fr\/576837\/","title":{"rendered":"Donald Trump annonce la suppression de restrictions sur la consommation des v\u00e9hicules"},"content":{"rendered":"<p>\n    Le pr\u00e9sident a annonc\u00e9 un all\u00e8gement de la r\u00e9glementation sur la consommation de carburant et les \u00e9missions des v\u00e9hicules, qui avait \u00e9t\u00e9 renforc\u00e9e par son pr\u00e9d\u00e9cesseur, et affirm\u00e9 que cela baisserait leur prix d\u2019achat.<\/p>\n<p class=\"fig-paragraph\">Le\u00a0<a href=\"http:\/\/www.lefigaro.fr\/flash-eco\/109-milliards-de-dollars-d-economies-donald-trump-va-abaisser-les-limites-d-emissions-des-vehicules-20251203\" target=\"_blank\" data-fig-type=\"NewsFlash\" rel=\"noopener\" data-gtm-custom-categorie=\"navigation\" data-gtm-custom-action=\"crossclick\" data-gtm-custom-label=\"Contextuel\" data-gtm-event=\"customEventSPE\" data-fig-domain=\"LEFIGARO\">pr\u00e9sident Donald Trump<\/a>\u00a0a annonc\u00e9 mercredi un all\u00e8gement de la r\u00e9glementation sur la consommation de carburant et les \u00e9missions des v\u00e9hicules, qui avait \u00e9t\u00e9 renforc\u00e9e par son pr\u00e9d\u00e9cesseur, et affirm\u00e9 que cela baisserait leur prix d&rsquo;achat. \u00abNous supprimons officiellement les ridiculement contraignants et horribles standards CAFE de Joe Biden qui imposaient des restrictions co\u00fbteuses, et toutes sortes de probl\u00e8mes\u00bb, a d\u00e9clar\u00e9 le pr\u00e9sident, depuis le Bureau ovale \u00e0 la Maison-Blanche.<\/p>\n<p class=\"fig-paragraph\">Il faisait r\u00e9f\u00e9rence \u00e0 la r\u00e9glementation dite \u00abCorporate average fuel economy\u00bb mise en place en 1975 et amend\u00e9e au fil des ans par diff\u00e9rentes administrations. Lors de son premier mandat, Donald Trump \u00e9tait revenu sur le coup de frein op\u00e9r\u00e9 par le gouvernement Obama et, d\u00e9sormais de retour au pouvoir, il a d\u00e9cid\u00e9 de faire de m\u00eame avec le renforcement drastique instaur\u00e9 par Joe Biden.<\/p>\n<p>                                            <a class=\"fig-a11y-skip\" href=\"#fig-a11y-skip-main-inarticle\" data-module=\"a11y-skip\" data-context=\"was @visible\"><br \/>\n    Passer la publicit\u00e9<br \/>\n<\/a>            <\/p>\n<p>                                            \u00abAbaisser les co\u00fbts pour les consommateurs am\u00e9ricains\u00bb<\/p>\n<p class=\"fig-paragraph\">Depuis son retour \u00e0 la Maison-Blanche en janvier, Donald Trump a r\u00e9voqu\u00e9 ou amput\u00e9 de nombreuses mesures favorisant la transition \u00e9lectrique des v\u00e9hicules. \u00abMon administration entreprend la mesure historique d&rsquo;abaisser les co\u00fbts pour les consommateurs am\u00e9ricains, pour prot\u00e9ger les emplois de l&rsquo;industrie automobile am\u00e9ricaine et pour que l&rsquo;acquisition d&rsquo;un v\u00e9hicule soit beaucoup plus abordable pour d&rsquo;innombrables familles am\u00e9ricaines\u00bb, a poursuivi Donald Trump mercredi.<\/p>\n<p class=\"fig-paragraph\">Le dispositif CAFE requiert des v\u00e9hicules qu&rsquo;ils parviennent \u00e0 la meilleure performance \u00abpossible\u00bb en mati\u00e8re de consommation de carburant par kilom\u00e8tre parcouru. Le gouvernement Biden avait impos\u00e9 une am\u00e9lioration de 8% pour les mod\u00e8les 2024 et 2025 et de 10% pour ceux de 2026, avec l&rsquo;objectif de rouler plus de 50 miles avec un gallon d&rsquo;ici 2031 (80 km pour 3,78 litres). Le minist\u00e8re am\u00e9ricain des Transports avait estim\u00e9 en juin que ces cibles seraient inaccessibles aux v\u00e9hicules \u00e0 combustion et imposeraient par cons\u00e9quent la transition \u00e9lectrique.<\/p>\n","protected":false},"excerpt":{"rendered":"Le pr\u00e9sident a annonc\u00e9 un all\u00e8gement de la r\u00e9glementation sur la consommation de carburant et les \u00e9missions des&hellip;\n","protected":false},"author":2,"featured_media":576838,"comment_status":"","ping_status":"","sticky":false,"template":"","format":"standard","meta":{"footnotes":""},"categories":[6],"tags":[646,35,75,33,34,1011,27],"class_list":{"0":"post-576837","1":"post","2":"type-post","3":"status-publish","4":"format-standard","5":"has-post-thumbnail","7":"category-economie","8":"tag-automobile","9":"tag-business","10":"tag-donald-trump","11":"tag-economie","12":"tag-economy","13":"tag-fr","14":"tag-france"},"share_on_mastodon":{"url":"https:\/\/pubeurope.com\/@fr\/115659595056552872","error":""},"_links":{"self":[{"href":"https:\/\/www.europesays.com\/fr\/wp-json\/wp\/v2\/posts\/576837","targetHints":{"allow":["GET"]}}],"collection":[{"href":"https:\/\/www.europesays.com\/fr\/wp-json\/wp\/v2\/posts"}],"about":[{"href":"https:\/\/www.europesays.com\/fr\/wp-json\/wp\/v2\/types\/post"}],"author":[{"embeddable":true,"href":"https:\/\/www.europesays.com\/fr\/wp-json\/wp\/v2\/users\/2"}],"replies":[{"embeddable":true,"href":"https:\/\/www.europesays.com\/fr\/wp-json\/wp\/v2\/comments?post=576837"}],"version-history":[{"count":0,"href":"https:\/\/www.europesays.com\/fr\/wp-json\/wp\/v2\/posts\/576837\/revisions"}],"wp:featuredmedia":[{"embeddable":true,"href":"https:\/\/www.europesays.com\/fr\/wp-json\/wp\/v2\/media\/576838"}],"wp:attachment":[{"href":"https:\/\/www.europesays.com\/fr\/wp-json\/wp\/v2\/media?parent=576837"}],"wp:term":[{"taxonomy":"category","embeddable":true,"href":"https:\/\/www.europesays.com\/fr\/wp-json\/wp\/v2\/categories?post=576837"},{"taxonomy":"post_tag","embeddable":true,"href":"https:\/\/www.europesays.com\/fr\/wp-json\/wp\/v2\/tags?post=576837"}],"curies":[{"name":"wp","href":"https:\/\/api.w.org\/{rel}","templated":true}]}}