{"id":576841,"date":"2025-12-04T05:17:17","date_gmt":"2025-12-04T05:17:17","guid":{"rendered":"https:\/\/www.europesays.com\/fr\/576841\/"},"modified":"2025-12-04T05:17:17","modified_gmt":"2025-12-04T05:17:17","slug":"mon-installation-en-polynesie-nest-pas-un-depart-precipite-le-maire-de-formigueres-philippe-petitqueux-sexplique-apres-sa-demission","status":"publish","type":"post","link":"https:\/\/www.europesays.com\/fr\/576841\/","title":{"rendered":"\u00ab\u00a0Mon installation en Polyn\u00e9sie n\u2019est pas un d\u00e9part pr\u00e9cipit\u00e9\u00a0\u00bb : le maire de Formigu\u00e8res, Philippe Petitqueux, s\u2019explique apr\u00e8s sa d\u00e9mission"},"content":{"rendered":"<p>\n                                                                Le d\u00e9part, le 8\u00a0juillet dernier, du maire de Formigu\u00e8res, Philippe Petitqueux, \u00e0 Tahiti a suscit\u00e9 beaucoup de remous. Selon lui, cette installation en Polyn\u00e9sie \u00e9tait pourtant pr\u00e9vue de longue date pour y d\u00e9velopper un accrobranche sur l\u2019\u00eele de Moorea. Dans une interview \u00e0 L\u2019Ind\u00e9pendant, il explique avoir assur\u00e9 la transition pour \u00e9viter le \u00ab\u00a0sabotage\u00a0\u00bb des projets municipaux et avoir d\u00e9missionn\u00e9. Explications.\n                            <\/p>\n<p class=\"txt-question\">Philippe Petitqueux, pourquoi \u00eatre parti\u00a0?<\/p>\n<p>La r\u00e9alit\u00e9 a \u00e9t\u00e9 d\u00e9form\u00e9e et instrumentalis\u00e9e. Mon installation en Polyn\u00e9sie n\u2019a rien d\u2019un d\u00e9part pr\u00e9cipit\u00e9\u00a0: c\u2019est un projet pr\u00e9vu, r\u00e9fl\u00e9chi et \u00e9voqu\u00e9 d\u00e8s le printemps avec mon \u00e9quipe.<\/p>\n<p class=\"txt-question\">Avez-vous abandonn\u00e9 vos responsabilit\u00e9s avant votre d\u00e9part\u00a0?<\/p>\n<p>Non. J\u2019ai accompagn\u00e9 la commune pendant plusieurs mois pour assurer la transition et suivre les dossiers en cours. J\u2019ai per\u00e7u des indemnit\u00e9s jusqu\u2019en septembre, p\u00e9riode durant laquelle je travaillais encore. Apr\u00e8s cette date, je n\u2019ai plus rien per\u00e7u.<\/p>\n<p class=\"txt-question\">Aviez-vous envisag\u00e9 de d\u00e9missionner plus t\u00f4t\u00a0?<\/p>\n<p>Oui. En juillet, face \u00e0 un climat intenable, j\u2019avais propos\u00e9 ma d\u00e9mission. Mais avec mon \u00e9quipe, nous avons pr\u00e9f\u00e9r\u00e9 instaurer une p\u00e9riode de transition pour s\u00e9curiser l\u2019aboutissement de projets importants.<\/p>\n<p>\u00a0<\/p>\n<p class=\"std-elt__inline\">\n        <strong>\u00c0 lire aussi :<\/strong><br \/>\n        <a href=\"https:\/\/www.lindependant.fr\/2025\/12\/03\/info-lindependant-il-etait-parti-a-tahiti-depuis-5-mois-le-maire-de-cette-commune-des-pyrenees-demissionne-13087779.php\" target=\"_blank\" rel=\"noopener\">INFO L\u2019INDEPENDANT. Il \u00e9tait parti \u00e0 Tahiti depuis 5 mois\u00a0: le maire de cette commune des Pyr\u00e9n\u00e9es d\u00e9missionne<\/a>\n    <\/p>\n<p class=\"txt-question\">Pourquoi n\u2019avez-vous pas d\u00e9missionn\u00e9 imm\u00e9diatement\u00a0?<\/p>\n<p>Si j\u2019avais quitt\u00e9 mes fonctions, la mairie serait pass\u00e9e \u00e0 l\u2019opposition, avec un risque r\u00e9el de \u00ab\u00a0sabotage\u00a0\u00bb des projets en cours. Nous avons donc mis en place une organisation o\u00f9 je restais maire et le 2\u1d49 adjoint g\u00e9rait les responsabilit\u00e9s op\u00e9rationnelles.<\/p>\n<p class=\"txt-question\">Que r\u00e9pondez-vous aux accusations de non-sinc\u00e9rit\u00e9 budg\u00e9taire\u00a0?<\/p>\n<p>Elles sont infond\u00e9es. Le budget 2024, d\u00e9battu en commission et pr\u00e9sent\u00e9 lors de 5 r\u00e9unions de travail auxquelles le 1\u1d49\u02b3 adjoint, pourtant pr\u00e9sident de la commission, n\u2019a particip\u00e9 qu\u2019une seule fois, n\u2019a fait l\u2019objet d\u2019aucune remarque de sa part.<\/p>\n<p class=\"txt-question\">Pourquoi la Chambre R\u00e9gionale des Comptes a-t-elle \u00e9t\u00e9 saisie\u00a0?<\/p>\n<p>En raison du blocage de l\u2019opposition. La CRC a arbitr\u00e9 le budget, mais sans int\u00e9grer certaines recettes pourtant pr\u00e9vues et document\u00e9es, ce qui l\u2019a conduite \u00e0 augmenter les imp\u00f4ts pour \u00e9quilibrer les finances.<\/p>\n<blockquote>\n<p>Le climat tr\u00e8s tendu a rendu l\u2019exercice du mandat invivable<\/p>\n<\/blockquote>\n<p class=\"txt-question\">Quel a \u00e9t\u00e9 le r\u00e9sultat final pour la commune\u00a0?<\/p>\n<p>Les recettes attendues ont \u00e9t\u00e9 per\u00e7ues et l\u2019exercice s\u2019est cl\u00f4tur\u00e9 avec un exc\u00e9dent tr\u00e8s important, d\u00e9montrant que le budget initial \u00e9tait \u00e0 la fois solide et responsable. Le blocage relevait d\u2019un choix politique irresponsable\u00a0et leurs positions actuelles tentent simplement d\u2019en d\u00e9tourner l\u2019origine \u00e0 des fins \u00e9lectorales.<\/p>\n<p class=\"txt-question\">Quelle \u00e9tait l\u2019ambiance\u00a0durant le mandat\u00a0?<\/p>\n<p>Tr\u00e8s tendue\u00a0: insultes, menaces, violences. Un petit groupe alimente en permanence cette hostilit\u00e9. Les r\u00e9seaux sociaux ont amplifi\u00e9 ces d\u00e9rives, devenant le terrain de rumeurs, d\u2019attaques personnelles et de propos infond\u00e9s.<\/p>\n<p class=\"txt-question\">Avez-vous subi des attaques personnelles\u00a0?<\/p>\n<p>Oui. Des lettres anonymes portant atteinte \u00e0 ma vie priv\u00e9e ont \u00e9t\u00e9 distribu\u00e9es. Ma famille en a souffert et mes enfants ont m\u00eame \u00e9t\u00e9 pris pour cibles dans leur \u00e9tablissement scolaire. Plusieurs agents municipaux<strong>\u00a0<\/strong>ont subi des attaques r\u00e9p\u00e9t\u00e9es, certains ont fini par quitter leur poste, et l\u2019un d\u2019eux a port\u00e9 plainte pour diffamation. Je salue le\u00a0professionnalisme et l\u2019engagement qu\u2019ils ont su maintenir malgr\u00e9 ces \u00e9preuves.<\/p>\n<p class=\"txt-question\">Comment avez-vous v\u00e9cu cette situation\u00a0?<\/p>\n<p>J\u2019ai \u00e9t\u00e9 profond\u00e9ment fatigu\u00e9 par cette agressivit\u00e9 permanente. \u00catre \u00e9lu, ce n\u2019est pas c\u00e9der aux pressions mais agir pour l\u2019int\u00e9r\u00eat g\u00e9n\u00e9ral. Ce climat a rendu l\u2019exercice du mandat invivable.<\/p>\n<p class=\"txt-question\">Malgr\u00e9 ces difficult\u00e9s, les projets ont-ils avanc\u00e9\u00a0?<\/p>\n<p>Oui. J\u2019ai exerc\u00e9 mes responsabilit\u00e9s avec constance\u00a0: les projets ont progress\u00e9, la situation s\u2019est stabilis\u00e9e et la commune a \u00e9t\u00e9 moins expos\u00e9e aux risques de sabotage de l\u2019opposition.<\/p>\n<p class=\"txt-question\">Pourquoi avoir finalement d\u00e9missionn\u00e9\u00a0?<\/p>\n<p>\u00c0 l\u2019approche d\u2019une p\u00e9riode \u00e9lectorale, il m\u2019a sembl\u00e9 responsable de me retirer pour que le d\u00e9bat porte sur l\u2019avenir du village. J\u2019ai donc pr\u00e9sent\u00e9 ma d\u00e9mission au pr\u00e9fet.\u00a0La vie publique doit se conduire avec respect, mesure, et sens du bien commun. Les d\u00e9saccords sont l\u00e9gitimes, mais ils ne doivent jamais prendre le pas sur la dignit\u00e9 des personnes ni sur l\u2019unit\u00e9 de la commune.<\/p>\n","protected":false},"excerpt":{"rendered":"Le d\u00e9part, le 8\u00a0juillet dernier, du maire de Formigu\u00e8res, Philippe Petitqueux, \u00e0 Tahiti a suscit\u00e9 beaucoup de remous.&hellip;\n","protected":false},"author":2,"featured_media":576842,"comment_status":"","ping_status":"","sticky":false,"template":"","format":"standard","meta":{"footnotes":""},"categories":[4],"tags":[1111,11,69122,1011,27,12,316,11548,25],"class_list":{"0":"post-576841","1":"post","2":"type-post","3":"status-publish","4":"format-standard","5":"has-post-thumbnail","7":"category-france","8":"tag-actu","9":"tag-actualites","10":"tag-formigueres","11":"tag-fr","12":"tag-france","13":"tag-news","14":"tag-politique","15":"tag-pyrenees-orientales","16":"tag-republique-francaise"},"share_on_mastodon":{"url":"https:\/\/pubeurope.com\/@fr\/115659606918744774","error":""},"_links":{"self":[{"href":"https:\/\/www.europesays.com\/fr\/wp-json\/wp\/v2\/posts\/576841","targetHints":{"allow":["GET"]}}],"collection":[{"href":"https:\/\/www.europesays.com\/fr\/wp-json\/wp\/v2\/posts"}],"about":[{"href":"https:\/\/www.europesays.com\/fr\/wp-json\/wp\/v2\/types\/post"}],"author":[{"embeddable":true,"href":"https:\/\/www.europesays.com\/fr\/wp-json\/wp\/v2\/users\/2"}],"replies":[{"embeddable":true,"href":"https:\/\/www.europesays.com\/fr\/wp-json\/wp\/v2\/comments?post=576841"}],"version-history":[{"count":0,"href":"https:\/\/www.europesays.com\/fr\/wp-json\/wp\/v2\/posts\/576841\/revisions"}],"wp:featuredmedia":[{"embeddable":true,"href":"https:\/\/www.europesays.com\/fr\/wp-json\/wp\/v2\/media\/576842"}],"wp:attachment":[{"href":"https:\/\/www.europesays.com\/fr\/wp-json\/wp\/v2\/media?parent=576841"}],"wp:term":[{"taxonomy":"category","embeddable":true,"href":"https:\/\/www.europesays.com\/fr\/wp-json\/wp\/v2\/categories?post=576841"},{"taxonomy":"post_tag","embeddable":true,"href":"https:\/\/www.europesays.com\/fr\/wp-json\/wp\/v2\/tags?post=576841"}],"curies":[{"name":"wp","href":"https:\/\/api.w.org\/{rel}","templated":true}]}}