{"id":576846,"date":"2025-12-04T05:20:19","date_gmt":"2025-12-04T05:20:19","guid":{"rendered":"https:\/\/www.europesays.com\/fr\/576846\/"},"modified":"2025-12-04T05:20:19","modified_gmt":"2025-12-04T05:20:19","slug":"jean-pierre-berger-peut-il-creer-la-surprise","status":"publish","type":"post","link":"https:\/\/www.europesays.com\/fr\/576846\/","title":{"rendered":"Jean-Pierre Berger peut-il cr\u00e9er la surprise\u00a0?"},"content":{"rendered":"<p>Jean-Pierre Berger sera-t-il candidat au poste de maire\u00a0? C\u2019est en tout cas ce qu\u2019aurait voulu la logique. Quand <a href=\"https:\/\/www.leprogres.fr\/p\/gael-perdriau\" target=\"_blank\" rel=\"noopener\">Ga\u00ebl Perdriau<\/a> a laiss\u00e9 sa place \u00e0 la M\u00e9tropole, en 2022, c\u2019est bien le premier vice-pr\u00e9sident, <a href=\"https:\/\/www.leprogres.fr\/p\/herve-reynaud\" target=\"_blank\" rel=\"noopener\">Herv\u00e9 Reynaud<\/a>, qui a assur\u00e9 l\u2019int\u00e9rim, puis, quand ce dernier a d\u00e9missionn\u00e9, la deuxi\u00e8me vice-pr\u00e9sidente, Sylvie Fayolle, a pris la suite.<\/p>\n<p>\u00c0 Saint-\u00c9tienne, en attendant la d\u00e9signation du nouveau maire, c\u2019est aussi le premier adjoint, Jean-Pierre Berger, qui g\u00e8re les affaires courantes. Mais, pour s\u2019asseoir officiellement dans son fauteuil, Ga\u00ebl Perdriau, <a href=\"https:\/\/www.leprogres.fr\/faits-divers-justice\/2025\/12\/01\/gael-perdriau-condamne-recit-d-une-inevitable-fin-de-regne\" target=\"_blank\" rel=\"noopener\">condamn\u00e9 lundi \u00e0 cinq ans de prison dont quatre ferme<\/a>, lui pr\u00e9f\u00e9rerait l\u2019adjoint \u00e0 la culture, Marc Chassaub\u00e9n\u00e9.<\/p>\n<p>Un fid\u00e8le parmi les fid\u00e8les<\/p>\n<p>Une candidature\u00a0loin de faire l\u2019unanimit\u00e9, mais qui a \u00e9t\u00e9 valid\u00e9e&#8230;<\/p>\n","protected":false},"excerpt":{"rendered":"Jean-Pierre Berger sera-t-il candidat au poste de maire\u00a0? C\u2019est en tout cas ce qu\u2019aurait voulu la logique. Quand&hellip;\n","protected":false},"author":2,"featured_media":576847,"comment_status":"","ping_status":"","sticky":false,"template":"","format":"standard","meta":{"footnotes":""},"categories":[9653],"tags":[1111,11,42797,2430,1984,7539,1777,674,107,1011,27,3367,12,316,25,4001,7538],"class_list":{"0":"post-576846","1":"post","2":"type-post","3":"status-publish","4":"format-standard","5":"has-post-thumbnail","7":"category-saint-etienne","8":"tag-actu","9":"tag-actualites","10":"tag-affaire-perdriau","11":"tag-auvergne-rhone-alpes","12":"tag-conseil-municipal","13":"tag-edition-loire-sud","14":"tag-eu","15":"tag-europe","16":"tag-fil-info","17":"tag-fr","18":"tag-france","19":"tag-loire","20":"tag-news","21":"tag-politique","22":"tag-republique-francaise","23":"tag-saint-etienne","24":"tag-saint-etienne-ville"},"share_on_mastodon":{"url":"https:\/\/pubeurope.com\/@fr\/115659618816503133","error":""},"_links":{"self":[{"href":"https:\/\/www.europesays.com\/fr\/wp-json\/wp\/v2\/posts\/576846","targetHints":{"allow":["GET"]}}],"collection":[{"href":"https:\/\/www.europesays.com\/fr\/wp-json\/wp\/v2\/posts"}],"about":[{"href":"https:\/\/www.europesays.com\/fr\/wp-json\/wp\/v2\/types\/post"}],"author":[{"embeddable":true,"href":"https:\/\/www.europesays.com\/fr\/wp-json\/wp\/v2\/users\/2"}],"replies":[{"embeddable":true,"href":"https:\/\/www.europesays.com\/fr\/wp-json\/wp\/v2\/comments?post=576846"}],"version-history":[{"count":0,"href":"https:\/\/www.europesays.com\/fr\/wp-json\/wp\/v2\/posts\/576846\/revisions"}],"wp:featuredmedia":[{"embeddable":true,"href":"https:\/\/www.europesays.com\/fr\/wp-json\/wp\/v2\/media\/576847"}],"wp:attachment":[{"href":"https:\/\/www.europesays.com\/fr\/wp-json\/wp\/v2\/media?parent=576846"}],"wp:term":[{"taxonomy":"category","embeddable":true,"href":"https:\/\/www.europesays.com\/fr\/wp-json\/wp\/v2\/categories?post=576846"},{"taxonomy":"post_tag","embeddable":true,"href":"https:\/\/www.europesays.com\/fr\/wp-json\/wp\/v2\/tags?post=576846"}],"curies":[{"name":"wp","href":"https:\/\/api.w.org\/{rel}","templated":true}]}}