{"id":576852,"date":"2025-12-04T05:23:12","date_gmt":"2025-12-04T05:23:12","guid":{"rendered":"https:\/\/www.europesays.com\/fr\/576852\/"},"modified":"2025-12-04T05:23:12","modified_gmt":"2025-12-04T05:23:12","slug":"deux-auteurs-en-residence-dans-la-capitale-du-jeu-cette-semaine-a-toulon","status":"publish","type":"post","link":"https:\/\/www.europesays.com\/fr\/576852\/","title":{"rendered":"Deux auteurs en r\u00e9sidence dans la \u00ab capitale du jeu \u00bb cette semaine \u00e0 Toulon"},"content":{"rendered":"<p class=\"fs-5 \">\u00ab C\u2019est une premi\u00e8re pour moi et je suis ravi ! \u00bb Thomas Favreli\u00e8re est le coauteur du jeu Arch\u00e9o, choisi par l\u2019invit\u00e9 \u00ab prime \u00bb de l\u2019ann\u00e9e derni\u00e8re au festival Toulon joue, Jean-Louis Roubira. C\u2019est la r\u00e8gle dans cet \u00e9v\u00e9nement toulonnais qui monte, qui monte. L\u2019auteur de l\u2019ann\u00e9e courante choisit son successeur et l\u2019\u00e9paule comme nouveau r\u00e9sident durant une semaine.<\/p>\n<p class=\"fs-5 \">C\u2019est ce qui se passe cette semaine \u00e0 Toulon, \u00ab capitale du jeu \u00bb lors de Toulon joue. Originaire des Deux-S\u00e8vres, Thomas Favreli\u00e8re a cr\u00e9\u00e9 le jeu Arch\u00e9o avec Adrien Pedron, un jeu coop\u00e9ratif destin\u00e9 aux enfants \u00e0 partir de 5 ans. \u00ab Il sera disponible avant No\u00ebl et on croise les doigts pour sa r\u00e9ussite \u00bb.<\/p>\n<p>                                                                                Succ\u00e8s plan\u00e9taire<\/p>\n<p class=\"fs-5 \">Jean-Louis Roubira, lui, est l\u2019auteur de nombreux jeux dont le fameux Dixit, succ\u00e8s plan\u00e9taire ! \u00ab J\u2019ai la chance que Dixit ait \u00e9t\u00e9 distribu\u00e9 dans 176 pays et vendu \u00e0 15 millions d\u2019exemplaires. \u00bb<\/p>\n<p class=\"fs-5 \">Le festival aura lieu dans quelques mois mais d\u2019autres rendez-vous attendent les gamers cette semaine. Apr\u00e8s une rencontre avec les \u00e9tudiants en ergoth\u00e9rapie \u00e0 l\u2019Institut de formation public varois des professions de sant\u00e9 et ceux du master de l\u2019\u00e9 cole sup\u00e9rieure d\u2019art et de design en d\u00e9but de semaine, les deux auteurs 2025 ont organis\u00e9 une soir\u00e9e jeux avec des \u00e9tudiants du CROUS, mercredi.<\/p>\n<p class=\"fs-5 \">\u00ab Ce jeudi, on rencontre des \u00e9l\u00e8ves de CP et CE1 sur la cr\u00e9ation d\u2019espaces ludiques dans les cours de r\u00e9cr\u00e9ation. Le soir, \u00e0 partir de 17 h 30, on sera au Caf\u00e9 culture de la rue Paul-Lendrin pour des rencontres bas\u00e9es autour des jeux \u00bb, ajoutent-ils.<\/p>\n<p>                                                                                Bourse aux jeux et jeux de r\u00f4le<\/p>\n<p class=\"fs-5 \">Vendredi soir, Thomas et Jean-Louis donnent rendez-vous au public \u00e0 la Maison m\u00e9diterran\u00e9enne des jeux (12, rue Peiresc) pour des nouvelles parties endiabl\u00e9es et, samedi \u00e0 partir de 15 h, des tests de prototypes se d\u00e9rouleront avec les auteurs \u00e0 la Maison m\u00e9diterran\u00e9enne des jeux.<\/p>\n<p class=\"fs-5 \">Enfin, une bourse aux jeux de soci\u00e9t\u00e9 est programm\u00e9e samedi \u00e0 la Maison m\u00e9diterran\u00e9enne, entre 10 h et 16 h. Et tout le week-end (avec nocturne le samedi), les \u00ab r\u00f4listes \u00bb (passionn\u00e9s de jeux de r\u00f4le) seront servis : Terres d\u2019aventures va rassembler associations, auteurs, \u00e9diteurs et joueurs \u00e0 l\u2019H\u00e9lice (68, avenue Agostini). L\u2019entr\u00e9e est ouverte \u00e0 tous.<\/p>\n","protected":false},"excerpt":{"rendered":"\u00ab C\u2019est une premi\u00e8re pour moi et je suis ravi ! \u00bb Thomas Favreli\u00e8re est le coauteur du&hellip;\n","protected":false},"author":2,"featured_media":576853,"comment_status":"","ping_status":"","sticky":false,"template":"","format":"standard","meta":{"footnotes":""},"categories":[9619],"tags":[1111,11,1777,674,1011,27,12,882,25,2310],"class_list":{"0":"post-576852","1":"post","2":"type-post","3":"status-publish","4":"format-standard","5":"has-post-thumbnail","7":"category-toulon","8":"tag-actu","9":"tag-actualites","10":"tag-eu","11":"tag-europe","12":"tag-fr","13":"tag-france","14":"tag-news","15":"tag-provence-alpes-cote-dazur","16":"tag-republique-francaise","17":"tag-toulon"},"share_on_mastodon":{"url":"https:\/\/pubeurope.com\/@fr\/115659630503379155","error":""},"_links":{"self":[{"href":"https:\/\/www.europesays.com\/fr\/wp-json\/wp\/v2\/posts\/576852","targetHints":{"allow":["GET"]}}],"collection":[{"href":"https:\/\/www.europesays.com\/fr\/wp-json\/wp\/v2\/posts"}],"about":[{"href":"https:\/\/www.europesays.com\/fr\/wp-json\/wp\/v2\/types\/post"}],"author":[{"embeddable":true,"href":"https:\/\/www.europesays.com\/fr\/wp-json\/wp\/v2\/users\/2"}],"replies":[{"embeddable":true,"href":"https:\/\/www.europesays.com\/fr\/wp-json\/wp\/v2\/comments?post=576852"}],"version-history":[{"count":0,"href":"https:\/\/www.europesays.com\/fr\/wp-json\/wp\/v2\/posts\/576852\/revisions"}],"wp:featuredmedia":[{"embeddable":true,"href":"https:\/\/www.europesays.com\/fr\/wp-json\/wp\/v2\/media\/576853"}],"wp:attachment":[{"href":"https:\/\/www.europesays.com\/fr\/wp-json\/wp\/v2\/media?parent=576852"}],"wp:term":[{"taxonomy":"category","embeddable":true,"href":"https:\/\/www.europesays.com\/fr\/wp-json\/wp\/v2\/categories?post=576852"},{"taxonomy":"post_tag","embeddable":true,"href":"https:\/\/www.europesays.com\/fr\/wp-json\/wp\/v2\/tags?post=576852"}],"curies":[{"name":"wp","href":"https:\/\/api.w.org\/{rel}","templated":true}]}}