{"id":576854,"date":"2025-12-04T05:24:23","date_gmt":"2025-12-04T05:24:23","guid":{"rendered":"https:\/\/www.europesays.com\/fr\/576854\/"},"modified":"2025-12-04T05:24:23","modified_gmt":"2025-12-04T05:24:23","slug":"toulon-to-like-or-not-emilie-anna-maillet","status":"publish","type":"post","link":"https:\/\/www.europesays.com\/fr\/576854\/","title":{"rendered":"Toulon : To like or not \u00c9milie Anna Maillet"},"content":{"rendered":"<p>        <a href=\"https:\/\/www.tv83.info\/wp-content\/uploads\/2025\/06\/to_like_or_not_1280-1024x576-1.jpg\" data-caption=\"\" target=\"_blank\" rel=\"noopener\"><img loading=\"lazy\" decoding=\"async\" width=\"696\" height=\"392\" class=\"entry-thumb td-modal-image\" src=\"https:\/\/www.europesays.com\/fr\/wp-content\/uploads\/2025\/12\/to_like_or_not_1280-1024x576-1-696x392.jpg\"   alt=\"\" title=\"to_like_or_not_1280-1024x576\"\/><\/a><\/p>\n<p>Plongez dans le quotidien des adolescent\u00b7es \u00e0 l\u2019\u00e8re du num\u00e9rique. Ce projet immersif, qui associe th\u00e9\u00e2tre, r\u00e9seaux sociaux et r\u00e9alit\u00e9 virtuelle, explore les enjeux que pose le monde digital \u00e0 cet \u00e2ge o\u00f9 l\u2019on se cherche et o\u00f9 l\u2019on tente de s\u2019affirmer. L\u2019autrice et metteuse en sc\u00e8ne \u00c9milie Anna Maillet vous propose une exp\u00e9rience en deux temps : le parcours immersif Crari or not suivi du spectacle To like or not. Deux regards, deux formats pour une m\u00eame question : comment les jeunes fa\u00e7onnent-ils leur identit\u00e9 en ligne comme dans la vie ?<br \/>Au lendemain d\u2019une f\u00eate, dix adolescent\u00b7es tentent de garder la t\u00eate haute. Des r\u00e9v\u00e9lations ont \u00e9t\u00e9 propag\u00e9es. Sont-elles vraies ou non ? Qu\u2019importe. Face aux jugements, chacun\u00b7e se d\u00e9bat et se prot\u00e8ge. Ici, pas de r\u00e9cit lin\u00e9aire, mais une multitude de drames du quotidien. Le texte de To like or not se d\u00e9ploie comme un kal\u00e9idoscope refl\u00e9tant toute la complexit\u00e9 de cet \u00e2ge.<br \/>Chaque acteur\u00b7rice incarne deux personnages : un m\u00eame corps, deux fa\u00e7ons de l\u2019habiter, deux repr\u00e9sentations de soi, deux masques sociaux. Leur pr\u00e9sence physique se superpose \u00e0 des images num\u00e9riques (selfies, avatars\u2026), brouille les rep\u00e8res et multiplie les points de vue. Tout au long de cette exp\u00e9rience, le r\u00e9el et le virtuel se confondent. Mais toutes et tous nourrissent des \u00e9motions qui, elles, restent d\u2019une v\u00e9rit\u00e9 saisissante.<\/p>\n<p><strong> Dates<\/strong> Dur\u00e9e 1h30<br \/><strong>jeudi 18 d\u00e9cembre 2025<\/strong> \u00e0 20h00<br \/>Repr\u00e9sentation scolaire<br \/><strong>jeudi 18 d\u00e9cembre 2025<\/strong> \u00e0 14h30<\/p>\n<p><strong>Tarifs<\/strong><br \/>Plein tarif 30 \u20ac<br \/>Tarif adulte avec la carte Ch\u00e2teauvallon-Libert\u00e9 20 \u20ac<br \/>Tarif partenaire (CSE et Associations culturelles partenaires) 20 \u20ac<br \/>Tarif \u2013 30 ans 15 \u20ac<br \/>Tarif \u2013 18 ans 10 \u20ac<br \/>Tarif solidaire 5 \u20ac<br \/>Tarif solidaire famille adulte 10 \u20ac<br \/>Tarif solidaire famille enfant 5 \u20ac<\/p>\n<p><a href=\"https:\/\/www.restosducoeur.org\/associations-departementales\/les-restos-du-coeur-du-var\/\" target=\"_blank\" rel=\"noopener\"><img decoding=\"async\" style=\"height:70px;width:140px\" src=\"https:\/\/www.europesays.com\/fr\/wp-content\/uploads\/2025\/04\/restos-du-coeur.jpg\"\/><\/a>        <\/p>\n","protected":false},"excerpt":{"rendered":"Plongez dans le quotidien des adolescent\u00b7es \u00e0 l\u2019\u00e8re du num\u00e9rique. Ce projet immersif, qui associe th\u00e9\u00e2tre, r\u00e9seaux sociaux&hellip;\n","protected":false},"author":2,"featured_media":576855,"comment_status":"","ping_status":"","sticky":false,"template":"","format":"standard","meta":{"footnotes":""},"categories":[9619],"tags":[1111,11,1777,674,1011,27,12,882,25,2310],"class_list":{"0":"post-576854","1":"post","2":"type-post","3":"status-publish","4":"format-standard","5":"has-post-thumbnail","7":"category-toulon","8":"tag-actu","9":"tag-actualites","10":"tag-eu","11":"tag-europe","12":"tag-fr","13":"tag-france","14":"tag-news","15":"tag-provence-alpes-cote-dazur","16":"tag-republique-francaise","17":"tag-toulon"},"share_on_mastodon":{"url":"https:\/\/pubeurope.com\/@fr\/115659635320489574","error":""},"_links":{"self":[{"href":"https:\/\/www.europesays.com\/fr\/wp-json\/wp\/v2\/posts\/576854","targetHints":{"allow":["GET"]}}],"collection":[{"href":"https:\/\/www.europesays.com\/fr\/wp-json\/wp\/v2\/posts"}],"about":[{"href":"https:\/\/www.europesays.com\/fr\/wp-json\/wp\/v2\/types\/post"}],"author":[{"embeddable":true,"href":"https:\/\/www.europesays.com\/fr\/wp-json\/wp\/v2\/users\/2"}],"replies":[{"embeddable":true,"href":"https:\/\/www.europesays.com\/fr\/wp-json\/wp\/v2\/comments?post=576854"}],"version-history":[{"count":0,"href":"https:\/\/www.europesays.com\/fr\/wp-json\/wp\/v2\/posts\/576854\/revisions"}],"wp:featuredmedia":[{"embeddable":true,"href":"https:\/\/www.europesays.com\/fr\/wp-json\/wp\/v2\/media\/576855"}],"wp:attachment":[{"href":"https:\/\/www.europesays.com\/fr\/wp-json\/wp\/v2\/media?parent=576854"}],"wp:term":[{"taxonomy":"category","embeddable":true,"href":"https:\/\/www.europesays.com\/fr\/wp-json\/wp\/v2\/categories?post=576854"},{"taxonomy":"post_tag","embeddable":true,"href":"https:\/\/www.europesays.com\/fr\/wp-json\/wp\/v2\/tags?post=576854"}],"curies":[{"name":"wp","href":"https:\/\/api.w.org\/{rel}","templated":true}]}}