{"id":576856,"date":"2025-12-04T05:25:13","date_gmt":"2025-12-04T05:25:13","guid":{"rendered":"https:\/\/www.europesays.com\/fr\/576856\/"},"modified":"2025-12-04T05:25:13","modified_gmt":"2025-12-04T05:25:13","slug":"ces-montpellierains-ont-deja-fini-leurs-cadeaux-de-noel","status":"publish","type":"post","link":"https:\/\/www.europesays.com\/fr\/576856\/","title":{"rendered":"ces Montpelli\u00e9rains ont d\u00e9j\u00e0 fini leurs cadeaux de No\u00ebl"},"content":{"rendered":"<p>                    Par<br \/>\n        <strong><br \/>\n            <a href=\"https:\/\/actu.fr\/auteur\/lea-pippinato\" title=\"Consulter tous les articles de L\u00e9a Pippinato\" target=\"_blank\" rel=\"noopener\">L\u00e9a Pippinato<\/a><br \/>\n                    <\/strong><\/p>\n<p>        Publi\u00e9 le<\/p>\n<p>            4 d\u00e9c. 2025 \u00e0 6h08        <\/p>\n<p>\u00ab\u00a0Chaque ann\u00e9e, je me jure que je ne vivrai plus l\u2019enfer du 24 d\u00e9cembre.\u00a0\u00bb La phrase tombe net dans les all\u00e9es du Polygone, \u00e0 17h, <strong>ce mercredi 3 d\u00e9cembre 2025<\/strong>. Elle sort de la bouche d\u2019un p\u00e8re \u00e9puis\u00e9 mais fier d\u2019avoir d\u00e9j\u00e0 tout boucl\u00e9. Autour de lui, les d\u00e9corations scintillent, la foule avance sans urgence. Pourtant, la course aux cadeaux vient \u00e0 peine de commencer. Et quelques visiteurs affirment l\u2019avoir d\u00e9j\u00e0 termin\u00e9e, \u00e0 contre-courant d\u2019un pays qui adore fr\u00f4ler l\u2019\u00e9ch\u00e9ance.<\/p>\n<p>    <a href=\"https:\/\/www.google.com\/maps\/embed?pb=!1m18!1m12!1m3!1d2888.907945445417!2d3.882198576459864!3d43.60845827110437!2m3!1f0!2f0!3f0!3m2!1i1024!2i768!4f13.1!3m3!1m2!1s0x12b6afa047b78a77%3A0x2a496e9a99a5d4a5!2sPolygone%20Montpellier!5e0!3m2!1sfr!2sfr!4v1764789936860!5m2!1sfr!2sfr\" title=\"Ouvrie le lien\" target=\"_blank\" rel=\"noopener\">Cliquez ici pour visualiser le contenu<\/a><\/p>\n<p class=\" wall-content\">Au centre commercial, le flux monte doucement. Les bras se chargent et les conversations tournent autour de listes encore floues. Pourtant, derri\u00e8re cette ambiance tr\u00e8s classique de d\u00e9but d\u00e9cembre, une minorit\u00e9 annonce avoir tout pr\u00e9vu. D\u2019apr\u00e8s un sondage de l\u2019institut YouGov pour Ankorstore en 2023, 64 % des Fran\u00e7ais avouent avoir achet\u00e9 au moins un cadeau \u00e0 la derni\u00e8re minute ces trois derni\u00e8res ann\u00e9es. Le retard s\u2019impose comme une habitude nationale. Les pr\u00e9voyants, eux, deviennent presque une curiosit\u00e9.<\/p>\n<p class=\" wall-content\">Justine, 29 ans, marche d\u2019un pas l\u00e9ger. Son tote-bag ne contient presque rien. \u00ab\u00a0Je n\u2019ai plus rien \u00e0 acheter. J\u2019ai termin\u00e9 d\u00e9but novembre\u00a0\u00bb, confie-t-elle. Elle glisse qu\u2019elle suit une m\u00e9thode stricte : une liste en octobre, un cadeau par week-end, des rep\u00e9rages tranquilles. \u00ab\u00a0Mon p\u00e8re emballait ses cadeaux le 24 \u00e0 minuit. Je d\u00e9testais l\u2019ambiance. Alors j\u2019ai d\u00e9cid\u00e9 de faire l\u2019inverse.\u00a0\u00bb Son organisation surprend souvent. L\u2019hiver dernier, son manager l\u2019avait taquin\u00e9e lors d\u2019une r\u00e9union : \u00ab\u00a0Justine, c\u2019est bon, t\u2019as d\u00e9j\u00e0 fini tes cadeaux de No\u00ebl ? On est le 3 novembre, on s\u2019inqui\u00e8te\u2026\u00a0\u00bb Depuis, chaque d\u00e9but d\u2019automne, ses coll\u00e8gues la consultent pour savoir quand ils doivent commencer leurs propres achats, et la jeune femme en rit encore !<\/p>\n<p>Des raisons nombreuses, pas toujours rationnelles<\/p>\n<p class=\" wall-content\">Dans l\u2019all\u00e9e centrale, un retrait\u00e9 observe une vitrine de jeux. Il se contente de regarder. \u00ab\u00a0J\u2019ai fini mardi dernier. J\u2019ai trois petits-enfants. Je pr\u00e9f\u00e8re choisir calmement.\u00a0\u00bb Il raconte un souvenir pr\u00e9cis. Un soir de d\u00e9cembre, une file interminable, un jouet en rupture, un petit-fils d\u00e9\u00e7u. \u00ab\u00a0J\u2019ai promis que cela n\u2019arriverait plus. Depuis, je m\u2019y prends t\u00f4t.\u00a0\u00bb Ses arguments rejoignent une tendance g\u00e9n\u00e9rale. Pour pr\u00e8s d\u2019un Fran\u00e7ais sur deux (49 %), No\u00ebl cr\u00e9e un stress financier. Anticiper sert \u00e0 lisser les d\u00e9penses. Cela \u00e9vite aussi les foules massives et les d\u00e9ceptions.<\/p>\n<p>Vid\u00e9os : en ce moment sur Actu<br \/>\n    <img   decoding=\"async\" loading=\"lazy\" src=\"https:\/\/www.europesays.com\/fr\/wp-content\/uploads\/2025\/12\/tempimageovxkp3-960x640.jpg\" alt=\"Quelques clients circulent encore tranquillement avant la mont\u00e9e du pic d\u2019achats pr\u00e9vue mi-d\u00e9cembre.\" width=\"960\" height=\"640\"\/><br \/>\n    Quelques clients circulent encore tranquillement avant la mont\u00e9e du pic d\u2019achats pr\u00e9vue mi-d\u00e9cembre. (\u00a9M\u00e9tropolitain \/ LP)<\/p>\n<p class=\" wall-content\">Salom\u00e9, 22 ans, sort d\u2019une parfumerie. Un dernier sac lui manque encore. \u00ab\u00a0Je ne suis jamais en avance. J\u2019oublie toujours quelqu\u2019un.\u00a0\u00bb Cette ann\u00e9e, elle a d\u00e9cid\u00e9 de s\u2019y prendre plus t\u00f4t. Elle voulait assurer l\u2019achat d\u2019un parfum tr\u00e8s demand\u00e9. \u00ab\u00a0L\u2019an dernier, j\u2019ai offert un bon d\u2019achat imprim\u00e9 sur du papier blanc parce que je m\u2019y suis prise trop tard. J\u2019ai eu honte. Cette ann\u00e9e, j\u2019ai dit stop.\u00a0\u00bb \u00c0 quelques m\u00e8tres, Mathis avance avec une poussette. Sa fille dort. \u00ab\u00a0J\u2019ai tout achet\u00e9 en octobre. Les jouets, les livres, m\u00eame les piles\u00a0\u00bb, affirme-t-il. Il sourit. \u00ab\u00a0Quand je vivais en colocation, je faisais partie de ceux qui se jetaient dans les magasins le 23. C\u2019\u00e9tait dr\u00f4le. Mais maintenant, avec un enfant, je refuse de courir.\u00a0\u00bb<\/p>\n<p>Votre r\u00e9gion, votre actu !<\/p>\n<p>Recevez chaque jour les infos qui comptent pour vous.<\/p>\n<p>\t<a href=\"https:\/\/actu.fr\/newsletter\" class=\"ac-btn ac-btn--corner ac-btn--medium ac-btn--blue800\" target=\"_blank\" rel=\"noopener\">S&rsquo;incrire<\/a><\/p>\n<p class=\" wall-content\">Pour l\u2019heure, les commerces respirent encore. Les pr\u00e9voyants observent cette tranquillit\u00e9 comme un privil\u00e8ge. Dans deux semaines, ils regarderont la ru\u00e9e avec un l\u00e9ger rictus. Ils auront leurs paquets, des soir\u00e9es libres et peut-\u00eatre m\u00eame le temps de partager un chocolat chaud sans jeter un \u0153il anxieux \u00e0 une liste oubli\u00e9e. Ceux qui attendront la derni\u00e8re minute, eux, se promettront encore une fois de faire mieux l\u2019ann\u00e9e suivante. Un engagement qui, bien souvent, se dissout dans la fr\u00e9n\u00e9sie du 24 d\u00e9cembre.<\/p>\n<p class=\" wall-content\">Personnalisez votre actualit\u00e9 en ajoutant vos villes et m\u00e9dias en favori avec <a href=\"https:\/\/moncompte.actu.fr\" title=\"D\u00e9couvez Mon Actu\" rel=\"nofollow noopener\" data-trk=\"{&quot;cta&quot;:{&quot;action&quot;:&quot;https:\\\/\\\/moncompte.actu.fr&quot;,&quot;category&quot;:&quot;mon compte&quot;,&quot;from&quot;:&quot;article footer&quot;,&quot;name&quot;:&quot;Mon actu&quot;,&quot;type&quot;:&quot;cta&quot;}}\" target=\"_blank\">Mon Actu<\/a>.<\/p>\n","protected":false},"excerpt":{"rendered":"Par L\u00e9a Pippinato Publi\u00e9 le 4 d\u00e9c. 2025 \u00e0 6h08 \u00ab\u00a0Chaque ann\u00e9e, je me jure que je ne&hellip;\n","protected":false},"author":2,"featured_media":576857,"comment_status":"","ping_status":"","sticky":false,"template":"","format":"standard","meta":{"footnotes":""},"categories":[9599],"tags":[1111,11,1777,674,1011,27,2208,12,15830,2680,25,104],"class_list":{"0":"post-576856","1":"post","2":"type-post","3":"status-publish","4":"format-standard","5":"has-post-thumbnail","7":"category-montpellier","8":"tag-actu","9":"tag-actualites","10":"tag-eu","11":"tag-europe","12":"tag-fr","13":"tag-france","14":"tag-montpellier","15":"tag-news","16":"tag-noel","17":"tag-occitanie","18":"tag-republique-francaise","19":"tag-societe"},"share_on_mastodon":{"url":"https:\/\/pubeurope.com\/@fr\/115659638468847567","error":""},"_links":{"self":[{"href":"https:\/\/www.europesays.com\/fr\/wp-json\/wp\/v2\/posts\/576856","targetHints":{"allow":["GET"]}}],"collection":[{"href":"https:\/\/www.europesays.com\/fr\/wp-json\/wp\/v2\/posts"}],"about":[{"href":"https:\/\/www.europesays.com\/fr\/wp-json\/wp\/v2\/types\/post"}],"author":[{"embeddable":true,"href":"https:\/\/www.europesays.com\/fr\/wp-json\/wp\/v2\/users\/2"}],"replies":[{"embeddable":true,"href":"https:\/\/www.europesays.com\/fr\/wp-json\/wp\/v2\/comments?post=576856"}],"version-history":[{"count":0,"href":"https:\/\/www.europesays.com\/fr\/wp-json\/wp\/v2\/posts\/576856\/revisions"}],"wp:featuredmedia":[{"embeddable":true,"href":"https:\/\/www.europesays.com\/fr\/wp-json\/wp\/v2\/media\/576857"}],"wp:attachment":[{"href":"https:\/\/www.europesays.com\/fr\/wp-json\/wp\/v2\/media?parent=576856"}],"wp:term":[{"taxonomy":"category","embeddable":true,"href":"https:\/\/www.europesays.com\/fr\/wp-json\/wp\/v2\/categories?post=576856"},{"taxonomy":"post_tag","embeddable":true,"href":"https:\/\/www.europesays.com\/fr\/wp-json\/wp\/v2\/tags?post=576856"}],"curies":[{"name":"wp","href":"https:\/\/api.w.org\/{rel}","templated":true}]}}