{"id":576858,"date":"2025-12-04T05:26:12","date_gmt":"2025-12-04T05:26:12","guid":{"rendered":"https:\/\/www.europesays.com\/fr\/576858\/"},"modified":"2025-12-04T05:26:12","modified_gmt":"2025-12-04T05:26:12","slug":"mpokora-fait-monter-ladrenaline-a-larena-de-montpellier","status":"publish","type":"post","link":"https:\/\/www.europesays.com\/fr\/576858\/","title":{"rendered":"M\u2019Pokora fait monter l&rsquo;adr\u00e9naline \u00e0 l\u2019Arena de Montpellier"},"content":{"rendered":"<p>                    Par<br \/>\n        <strong><br \/>\n            <a href=\"https:\/\/actu.fr\/auteur\/g-martin\" title=\"Consulter tous les articles de Gil Martin\" target=\"_blank\" rel=\"noopener\">Gil Martin<\/a><br \/>\n                    <\/strong><\/p>\n<p>        Publi\u00e9 le<\/p>\n<p>            4 d\u00e9c. 2025 \u00e0 5h06        <\/p>\n<p>Le chanteur fran\u00e7ais <strong>M\u2019Pokora<\/strong> s\u2019est lanc\u00e9 dans une nouvelle grande tourn\u00e9e avec son nouveau spectacle \u00ab\u00a0Adrenaline Tour\u00a0\u00bb. Il est \u00e0 l\u2019Arena de Montpellier \u00e0 <strong>P\u00e9rols<\/strong>, ce vendredi 5 d\u00e9cembre 2025.<\/p>\n<p class=\" wall-content\">Apr\u00e8s avoir enflamm\u00e9 les plus grandes salles et r\u00e9uni plus de 500 000 spectateurs lors de sa tourn\u00e9e des 20 ans, Matt Pokora est reparti cette ann\u00e9e sur les routes de France avec son spectacle Adrenaline Tour, \u00ab un nouveau spectacle sensationnel \u00bb, assurent les organisateurs.<\/p>\n<p class=\" wall-content\">Ces derniers \u00e9voquent \u00ab une sc\u00e9nographie hors du commun\u00bb \u00e0 propos de cet Adrenaline Tour \u00ab imagin\u00e9e pour cr\u00e9er un moment de partage unique avec le public \u00bb. De quoi alimenter un show \u00ab survitamin\u00e9 \u00bb pour un Mat Pokora encha\u00eenant les titres, dont Reflet, Une partie de moi, Tour du monde, En haut des marches, Mille fois\u2026<\/p>\n<p>    <a href=\"https:\/\/www.google.com\/maps\/embed?pb=!1m18!1m12!1m3!1d2890.589247941632!2d3.9489150754475593!3d43.57344135758687!2m3!1f0!2f0!3f0!3m2!1i1024!2i768!4f13.1!3m3!1m2!1s0x12b6a4d5fc7a3bf7%3A0x7409bb29f43e093a!2sSud%20de%20France%20Arena!5e0!3m2!1sfr!2sfr!4v1764778628524!5m2!1sfr!2sfr\" title=\"Ouvrie le lien\" target=\"_blank\" rel=\"noopener\">Cliquez ici pour visualiser le contenu<\/a><\/p>\n<p>Une mont\u00e9e d\u2019adr\u00e9naline<\/p>\n<p class=\" wall-content\">M\u2019Pokora, dont les spectacles sont con\u00e7us comme de v\u00e9ritables performances sc\u00e9niques, a encore repouss\u00e9 les limites de la mise en sc\u00e8ne dans cet Adrenaline Tour. Sur sc\u00e8ne, l\u2019artiste sera nouveau entour\u00e9 de danseurs et musiciens dans un d\u00e9cor hors norme \u00ab\u00a0pour offrir au public un spectacle \u00e0 couper le souffle\u00a0\u00bb, confirme l\u2019Arena qui promet \u00ab\u00a0une mont\u00e9e d\u2019adr\u00e9naline sans fin\u00a0\u00bb.<\/p>\n<p>Vid\u00e9os : en ce moment sur Actu<strong>&gt; <\/strong>Concert M\u2019Pokora \u00ab\u00a0Adrenaline Tour\u00a0\u00bb. Vendredi\u00a05 d\u00e9cembre 2025, \u00e0 20h.\u00a0A l\u2019arena Sud de France \u00e0 P\u00e9rols.<br \/>\nTarifs\u00a0: de 65 \u20ac (cat\u00e9gorie 2) \u00e0 95 \u20ac\u00a0(carr\u00e9 or).\u00a0Plus d\u2019infos\u00a0: <a href=\"https:\/\/www.suddefrance-arena.com\/\" target=\"_blank\" rel=\"noopener\">https:\/\/www.suddefrance-arena.com\/<\/a><\/p>\n<p class=\" wall-content\">Personnalisez votre actualit\u00e9 en ajoutant vos villes et m\u00e9dias en favori avec <a href=\"https:\/\/moncompte.actu.fr\" title=\"D\u00e9couvez Mon Actu\" rel=\"nofollow noopener\" data-trk=\"{&quot;cta&quot;:{&quot;action&quot;:&quot;https:\\\/\\\/moncompte.actu.fr&quot;,&quot;category&quot;:&quot;mon compte&quot;,&quot;from&quot;:&quot;article footer&quot;,&quot;name&quot;:&quot;Mon actu&quot;,&quot;type&quot;:&quot;cta&quot;}}\" target=\"_blank\">Mon Actu<\/a>.<\/p>\n","protected":false},"excerpt":{"rendered":"Par Gil Martin Publi\u00e9 le 4 d\u00e9c. 2025 \u00e0 5h06 Le chanteur fran\u00e7ais M\u2019Pokora s\u2019est lanc\u00e9 dans une&hellip;\n","protected":false},"author":2,"featured_media":576859,"comment_status":"","ping_status":"","sticky":false,"template":"","format":"standard","meta":{"footnotes":""},"categories":[9599],"tags":[1111,11,1697,1777,674,1011,27,1652,2208,12,2680,25],"class_list":{"0":"post-576858","1":"post","2":"type-post","3":"status-publish","4":"format-standard","5":"has-post-thumbnail","7":"category-montpellier","8":"tag-actu","9":"tag-actualites","10":"tag-concert","11":"tag-eu","12":"tag-europe","13":"tag-fr","14":"tag-france","15":"tag-loisirs-culture","16":"tag-montpellier","17":"tag-news","18":"tag-occitanie","19":"tag-republique-francaise"},"share_on_mastodon":{"url":"https:\/\/pubeurope.com\/@fr\/115659642192540825","error":""},"_links":{"self":[{"href":"https:\/\/www.europesays.com\/fr\/wp-json\/wp\/v2\/posts\/576858","targetHints":{"allow":["GET"]}}],"collection":[{"href":"https:\/\/www.europesays.com\/fr\/wp-json\/wp\/v2\/posts"}],"about":[{"href":"https:\/\/www.europesays.com\/fr\/wp-json\/wp\/v2\/types\/post"}],"author":[{"embeddable":true,"href":"https:\/\/www.europesays.com\/fr\/wp-json\/wp\/v2\/users\/2"}],"replies":[{"embeddable":true,"href":"https:\/\/www.europesays.com\/fr\/wp-json\/wp\/v2\/comments?post=576858"}],"version-history":[{"count":0,"href":"https:\/\/www.europesays.com\/fr\/wp-json\/wp\/v2\/posts\/576858\/revisions"}],"wp:featuredmedia":[{"embeddable":true,"href":"https:\/\/www.europesays.com\/fr\/wp-json\/wp\/v2\/media\/576859"}],"wp:attachment":[{"href":"https:\/\/www.europesays.com\/fr\/wp-json\/wp\/v2\/media?parent=576858"}],"wp:term":[{"taxonomy":"category","embeddable":true,"href":"https:\/\/www.europesays.com\/fr\/wp-json\/wp\/v2\/categories?post=576858"},{"taxonomy":"post_tag","embeddable":true,"href":"https:\/\/www.europesays.com\/fr\/wp-json\/wp\/v2\/tags?post=576858"}],"curies":[{"name":"wp","href":"https:\/\/api.w.org\/{rel}","templated":true}]}}