{"id":576862,"date":"2025-12-04T05:29:16","date_gmt":"2025-12-04T05:29:16","guid":{"rendered":"https:\/\/www.europesays.com\/fr\/576862\/"},"modified":"2025-12-04T05:29:16","modified_gmt":"2025-12-04T05:29:16","slug":"nominations-francois-legalland-nicolas-guigue-christophe-ferruit-les-mouvements-du-jour","status":"publish","type":"post","link":"https:\/\/www.europesays.com\/fr\/576862\/","title":{"rendered":"Nominations. Fran\u00e7ois Legalland, Nicolas Guigue, Christophe Ferruit&#8230; : les mouvements du jour"},"content":{"rendered":"<p>  &#13;<br \/>\n      <a href=\"https:\/\/cdn-s-www.ledauphine.com\/images\/6792bcad-e879-4d7a-bf3e-687816aa806d\/NW_raw\/avec-nomination-premier-service-d-informations-sur-les-decideurs-en-france-de-veille-strategique-et-de-mise-en-relation-business-to-business-1759328609.jpg\" title=\"Avec Nomination, premier service d&#039;informations sur les d\u00e9cideurs en France, de veille strat\u00e9gique et de mise en relation Business-to-Business.\" class=\"chocolat-image GA-tracking\" data-ga_type=\"click\" data-ga_category=\"D\u00e9tail\" data-ga_action=\"zoomer\" data-ga_label=\"agrandir image\" target=\"_blank\" rel=\"noopener\">&#13;<br \/>\n          <img loading=\"lazy\" decoding=\"async\" src=\"https:\/\/www.europesays.com\/fr\/wp-content\/uploads\/2025\/10\/avec-nomination-premier-service-d-informations-sur-les-decideurs-en-france-de-veille-strategique-et-.jpeg\" data-mobile=\"NW_listC_M|1759328609\" data-base=\"NW_listC|1759328609\" alt=\"Avec Nomination, premier service d'informations sur les d\u00e9cideurs en France, de veille strat\u00e9gique et de mise en relation Business-to-Business.\"\/>&#13;<br \/>\n      <\/a>&#13;<\/p>\n<p>Avec Nomination, premier service d&rsquo;informations sur les d\u00e9cideurs en France, de veille strat\u00e9gique et de mise en relation Business-to-Business.<\/p>\n<p>&#13;<\/p>\n<p>  Is\u00e8re\u00a0: Fran\u00e7ois Legalland nouveau directeur du CEA de Grenoble<\/p>\n<p>Fran\u00e7ois Legalland a \u00e9t\u00e9 nomm\u00e9 directeur du centre <a href=\"https:\/\/www.ledauphine.com\/economie\/2025\/03\/18\/julie-galland-le-projet-fames-donne-au-cea-leti-et-a-grenoble-une-place-majeure-au-niveau-mondial\" target=\"_blank\" rel=\"noopener\">CEA de Grenoble<\/a> depuis ce 1er d\u00e9cembre 2025 et succ\u00e8de \u00e0 Bruno Feignier.<\/p>\n<p>Dipl\u00f4m\u00e9 de l\u2019\u00e9cole Centrale de Lyon, il a \u00e9t\u00e9 notamment vice-pr\u00e9sident op\u00e9rations pour l\u2019\u00e9lectronique chez Soitec et directeur du site de Bernin puis directeur de l\u2019Institut Liten (Laboratoire d&rsquo;innovation pour les technologies des \u00e9nergies nouvelles et les nanomat\u00e9riaux) au sein du CEA depuis 2020.<\/p>\n<p>Pour rappel,\u00a0le centre CEA-Grenoble consacre l&rsquo;essentiel de ses recherches au d\u00e9veloppement de solutions innovantes, dans les domaines de l&rsquo;\u00e9nergie, de la sant\u00e9, de l&rsquo;information et de la communication.<\/p>\n","protected":false},"excerpt":{"rendered":"&#13; &#13; &#13; &#13; Avec Nomination, premier service d&rsquo;informations sur les d\u00e9cideurs en France, de veille strat\u00e9gique et&hellip;\n","protected":false},"author":2,"featured_media":464038,"comment_status":"","ping_status":"","sticky":false,"template":"","format":"standard","meta":{"footnotes":""},"categories":[9566],"tags":[1111,11,2430,9810,33,1777,674,1011,27,2731,12,9350,25,216],"class_list":{"0":"post-576862","1":"post","2":"type-post","3":"status-publish","4":"format-standard","5":"has-post-thumbnail","7":"category-grenoble","8":"tag-actu","9":"tag-actualites","10":"tag-auvergne-rhone-alpes","11":"tag-direct-entreprises","12":"tag-economie","13":"tag-eu","14":"tag-europe","15":"tag-fr","16":"tag-france","17":"tag-grenoble","18":"tag-news","19":"tag-nominations","20":"tag-republique-francaise","21":"tag-vie-des-entreprises"},"share_on_mastodon":{"url":"https:\/\/pubeurope.com\/@fr\/115659655929717782","error":""},"_links":{"self":[{"href":"https:\/\/www.europesays.com\/fr\/wp-json\/wp\/v2\/posts\/576862","targetHints":{"allow":["GET"]}}],"collection":[{"href":"https:\/\/www.europesays.com\/fr\/wp-json\/wp\/v2\/posts"}],"about":[{"href":"https:\/\/www.europesays.com\/fr\/wp-json\/wp\/v2\/types\/post"}],"author":[{"embeddable":true,"href":"https:\/\/www.europesays.com\/fr\/wp-json\/wp\/v2\/users\/2"}],"replies":[{"embeddable":true,"href":"https:\/\/www.europesays.com\/fr\/wp-json\/wp\/v2\/comments?post=576862"}],"version-history":[{"count":0,"href":"https:\/\/www.europesays.com\/fr\/wp-json\/wp\/v2\/posts\/576862\/revisions"}],"wp:featuredmedia":[{"embeddable":true,"href":"https:\/\/www.europesays.com\/fr\/wp-json\/wp\/v2\/media\/464038"}],"wp:attachment":[{"href":"https:\/\/www.europesays.com\/fr\/wp-json\/wp\/v2\/media?parent=576862"}],"wp:term":[{"taxonomy":"category","embeddable":true,"href":"https:\/\/www.europesays.com\/fr\/wp-json\/wp\/v2\/categories?post=576862"},{"taxonomy":"post_tag","embeddable":true,"href":"https:\/\/www.europesays.com\/fr\/wp-json\/wp\/v2\/tags?post=576862"}],"curies":[{"name":"wp","href":"https:\/\/api.w.org\/{rel}","templated":true}]}}