{"id":576863,"date":"2025-12-04T05:31:14","date_gmt":"2025-12-04T05:31:14","guid":{"rendered":"https:\/\/www.europesays.com\/fr\/576863\/"},"modified":"2025-12-04T05:31:14","modified_gmt":"2025-12-04T05:31:14","slug":"grenoble-sillumine-pour-deux-nuits-dexperiences-interactives-avec-les-neons-de-minuit-2","status":"publish","type":"post","link":"https:\/\/www.europesays.com\/fr\/576863\/","title":{"rendered":"Grenoble s\u2019illumine pour deux nuits d\u2019exp\u00e9riences interactives avec les N\u00e9ons de Minuit"},"content":{"rendered":"<p itemprop=\"description\"><strong>Grenoble va briller autrement les 5 et 6 d\u00e9cembre.<\/strong><\/p>\n<p>Le Jardin de Ville accueillera Les n\u00e9ons de minuit, un parcours nocturne gratuit m\u00ealant installations lumineuses, sons immersifs et participation du public. Une proposition artistique atypique qui transformera le c\u0153ur de la ville en terrain de jeu sensible et futuriste.<\/p>\n<p>Au programme, plusieurs cr\u00e9ations originales sign\u00e9es Science Friction, Darkitects, Machines et BGXP.<\/p>\n<p>Parmi elles, 2025 : A Color Odyssey, un tunnel chromatique inspir\u00e9 de l\u2019univers visuel de 2001 : L\u2019Odyss\u00e9e de l\u2019espace. Le public y traverse un passage lumineux o\u00f9 couleurs et perspectives se d\u00e9forment, comme une m\u00e9taphore du basculement vers un futur encore ind\u00e9termin\u00e9.<\/p>\n<p>Autre installation participative : Big Pong, variation lumineuse et interactive autour du c\u00e9l\u00e8bre jeu de ping-pong. Les visiteurs se renverront non pas une balle, mais un faisceau lumineux circulant dans une cha\u00eene de lampes suspendues.<\/p>\n<p>Sous le kiosque du Jardin de Ville, Danse iris\u00e9e transformera l\u2019espace en lanterne g\u00e9ante o\u00f9 les spectateurs, torche \u00e0 la main, d\u00e9clencheront jeux de reflets et r\u00e9fractions d\u2019un c\u0153ur lumineux suspendu.<\/p>\n<p>Plus intimiste, Rythmus mat\u00e9rialisera les battements cardiaques de deux participants plac\u00e9s face \u00e0 face : des cycles de lumi\u00e8re se synchronisent, dialoguent ou se heurtent, donnant \u00e0 voir le rythme vital de chacun.<\/p>\n<p>Enfin, Conversation with a squad proposera une immersion audio-visuelle invitant \u00e0 rencontrer une \u00ab\u00a0peuplade\u00a0\u00bb fictive, comme un biotope imaginaire dont il faut percer les myst\u00e8res.<\/p>\n<p>L\u2019ensemble dessine un parcours \u00e0 la fois festif, sensoriel et contemplatif, pens\u00e9 pour tous les publics. Une mani\u00e8re de red\u00e9couvrir le Jardin de Ville\u2026 sous une autre lumi\u00e8re.<\/p>\n","protected":false},"excerpt":{"rendered":"Grenoble va briller autrement les 5 et 6 d\u00e9cembre. Le Jardin de Ville accueillera Les n\u00e9ons de minuit,&hellip;\n","protected":false},"author":2,"featured_media":575356,"comment_status":"","ping_status":"","sticky":false,"template":"","format":"standard","meta":{"footnotes":""},"categories":[9566],"tags":[1111,11,2813,2430,1109,251,1112,2811,1777,674,118,1011,27,21780,2731,14004,1922,1110,1114,108,12,316,25,2812,517,800],"class_list":{"0":"post-576863","1":"post","2":"type-post","3":"status-publish","4":"format-standard","5":"has-post-thumbnail","7":"category-grenoble","8":"tag-actu","9":"tag-actualites","10":"tag-article","11":"tag-auvergne-rhone-alpes","12":"tag-breves","13":"tag-culture","14":"tag-depeches","15":"tag-economique","16":"tag-eu","17":"tag-europe","18":"tag-faits-divers","19":"tag-fr","20":"tag-france","21":"tag-gf38","22":"tag-grenoble","23":"tag-grenoblemag","24":"tag-info","25":"tag-informations","26":"tag-infos","27":"tag-isere","28":"tag-news","29":"tag-politique","30":"tag-republique-francaise","31":"tag-sociale","32":"tag-sport","33":"tag-transports"},"share_on_mastodon":{"url":"","error":""},"_links":{"self":[{"href":"https:\/\/www.europesays.com\/fr\/wp-json\/wp\/v2\/posts\/576863","targetHints":{"allow":["GET"]}}],"collection":[{"href":"https:\/\/www.europesays.com\/fr\/wp-json\/wp\/v2\/posts"}],"about":[{"href":"https:\/\/www.europesays.com\/fr\/wp-json\/wp\/v2\/types\/post"}],"author":[{"embeddable":true,"href":"https:\/\/www.europesays.com\/fr\/wp-json\/wp\/v2\/users\/2"}],"replies":[{"embeddable":true,"href":"https:\/\/www.europesays.com\/fr\/wp-json\/wp\/v2\/comments?post=576863"}],"version-history":[{"count":0,"href":"https:\/\/www.europesays.com\/fr\/wp-json\/wp\/v2\/posts\/576863\/revisions"}],"wp:featuredmedia":[{"embeddable":true,"href":"https:\/\/www.europesays.com\/fr\/wp-json\/wp\/v2\/media\/575356"}],"wp:attachment":[{"href":"https:\/\/www.europesays.com\/fr\/wp-json\/wp\/v2\/media?parent=576863"}],"wp:term":[{"taxonomy":"category","embeddable":true,"href":"https:\/\/www.europesays.com\/fr\/wp-json\/wp\/v2\/categories?post=576863"},{"taxonomy":"post_tag","embeddable":true,"href":"https:\/\/www.europesays.com\/fr\/wp-json\/wp\/v2\/tags?post=576863"}],"curies":[{"name":"wp","href":"https:\/\/api.w.org\/{rel}","templated":true}]}}