{"id":576866,"date":"2025-12-04T05:34:12","date_gmt":"2025-12-04T05:34:12","guid":{"rendered":"https:\/\/www.europesays.com\/fr\/576866\/"},"modified":"2025-12-04T05:34:12","modified_gmt":"2025-12-04T05:34:12","slug":"trans-musicales-a-rennes-comment-se-rendre-facilement-et-en-securite-au-parc-expo","status":"publish","type":"post","link":"https:\/\/www.europesays.com\/fr\/576866\/","title":{"rendered":"Trans Musicales \u00e0 Rennes\u00a0: comment se rendre facilement et en s\u00e9curit\u00e9 au parc-expo"},"content":{"rendered":"<p>1 Les navettes<\/p>\n<p>Des navettes sont assur\u00e9es par les bus du STAR jeudi, vendredi et samedi depuis l\u2019esplanade Charles de Gaulle jusqu\u2019au parc-expo. Ce jeudi 4 d\u00e9cembre, de 19 h \u00e0 3 h 30, un d\u00e9part toutes les 5 \u00e0 10 minutes sera assur\u00e9 dans les deux sens. Le vendredi 5 et le samedi 6 d\u00e9cembre un d\u00e9part toutes les 5 minutes environ dans les 2 sens sera assur\u00e9 de 19 h 20 \u00e0 7 h 30.<\/p>\n<p>\u00c0 l\u2019aller, le d\u00e9part s\u2019effectue \u00e0 Charles de Gaulle \u00e0 l\u2019arr\u00eat de la ligne C3 vers Patton. La liaison est directe et sans arr\u00eat interm\u00e9diaires. Pour le retour depuis le parc-expo, l\u2019arr\u00eat se trouve \u00e0 l\u2019int\u00e9rieur du Hall 10 B. \u00ab La navette marquera les arr\u00eats Saint-Jacques &#8211; Ga\u00eet\u00e9, Mermoz, Jacques Cartier, Charles de Gaulle et, \u00e0 partir de 1 h 35, R\u00e9publique pour faciliter la correspondance avec les lignes STAR de nuit \u00bb, indique le site du r\u00e9seau STAR. Les lignes STAR DE NUIT circuleront les 3 soirs \u00e0 partir de 1 h 50 jusqu\u2019\u00e0 5 h 30. Elles seront prolong\u00e9es jusqu\u2019\u00e0 7 h 35 le dimanche matin.<\/p>\n<p><a href=\"https:\/\/www.star.fr\/actualites\/transmusicales\" target=\"_blank\" rel=\"noopener\">Six lignes sont \u00e9galement mises en place<\/a> pour des allers-retours directs entre le parc-expo et 25 communes de Rennes M\u00e9tropole, le vendredi et le samedi uniquement.<\/p>\n<p>L\u2019arriv\u00e9e au parc-expo sera \u00e0 22 h et 23 h 30. Le d\u00e9part \u00e0 4 h 15, 05 h 30 et 06 h 45.<\/p>\n<p>2 \u00c0 v\u00e9lo<\/p>\n<p>Pour les adeptes du v\u00e9lo,<a href=\"https:\/\/geovelo.app\/fr\/route\/?bike-type=own&amp;c=-1.702236%2C48.083106&amp;e-bike=false&amp;from=-1.677421%2C48.104850&amp;steps=-1.715593%2C48.074647&amp;to=-1.731507%2C48.061882&amp;z=12.95\" target=\"_blank\" rel=\"noopener\"> un trajet d\u2019une dur\u00e9e d\u2019environ 35 minutes<\/a> est propos\u00e9 entre Rennes et le parc-expo. Le trajet est s\u00e9curis\u00e9 et dot\u00e9 d\u2019une signal\u00e9tique en fin de parcours. Sur place, un parking surveill\u00e9 toute la nuit est r\u00e9serv\u00e9 aux v\u00e9los. Des casiers seront \u00e0 disposition sur le parking v\u00e9lo pour d\u00e9poser vos affaires.<\/p>\n<p>Des trajets group\u00e9s, guid\u00e9s par des b\u00e9n\u00e9voles, sont organis\u00e9s au d\u00e9part de Saint-Jacques Gait\u00e9. Il est possible de retrouver toutes les infos en temps r\u00e9el en rejoignant ce groupe Whatsapp. Pour le trajet aller (21 h et 21 h30 le 04\/12 et 21 h, 22 h et 23 h le 5\/12 et 6\/12) le rendez-vous est devant le restaurant le Khap, 1 B Rue Louis Braille \u00e0 Saint-Jacques-de-la-Lande. Pour les retours (2 h le 4\/12 et 4 h le 5\/12 et 6\/12), le point de rendez-vous est le parking v\u00e9lo du festival, au Parc-Expo.<\/p>\n<p>3 En voiture<\/p>\n<p>Si vous souhaitez venir en voiture, il est conseill\u00e9 <a href=\"https:\/\/tribulive.mobi\/fr\/events\/lestrans-2025\" target=\"_blank\" rel=\"noopener\">de favoriser le covoiturage<\/a>. Le parking public du parc-expo est accessible par la 2&#215;2 voies Rennes-Redon, entr\u00e9e porte A.<\/p>\n","protected":false},"excerpt":{"rendered":"1 Les navettes Des navettes sont assur\u00e9es par les bus du STAR jeudi, vendredi et samedi depuis l\u2019esplanade&hellip;\n","protected":false},"author":2,"featured_media":576867,"comment_status":"","ping_status":"","sticky":false,"template":"","format":"standard","meta":{"footnotes":""},"categories":[2821],"tags":[1111,11,829,3173,21017,1777,674,3337,1011,27,848,12,584,25,67953,68558],"class_list":{"0":"post-576866","1":"post","2":"type-post","3":"status-publish","4":"format-standard","5":"has-post-thumbnail","7":"category-rennes","8":"tag-actu","9":"tag-actualites","10":"tag-bretagne","11":"tag-culture-a-rennes","12":"tag-deplacements-a-rennes","13":"tag-eu","14":"tag-europe","15":"tag-festivals","16":"tag-fr","17":"tag-france","18":"tag-ille-et-vilaine","19":"tag-news","20":"tag-rennes","21":"tag-republique-francaise","22":"tag-trans-musicales","23":"tag-trans-musicales-de-rennes"},"share_on_mastodon":{"url":"https:\/\/pubeurope.com\/@fr\/115659673879737955","error":""},"_links":{"self":[{"href":"https:\/\/www.europesays.com\/fr\/wp-json\/wp\/v2\/posts\/576866","targetHints":{"allow":["GET"]}}],"collection":[{"href":"https:\/\/www.europesays.com\/fr\/wp-json\/wp\/v2\/posts"}],"about":[{"href":"https:\/\/www.europesays.com\/fr\/wp-json\/wp\/v2\/types\/post"}],"author":[{"embeddable":true,"href":"https:\/\/www.europesays.com\/fr\/wp-json\/wp\/v2\/users\/2"}],"replies":[{"embeddable":true,"href":"https:\/\/www.europesays.com\/fr\/wp-json\/wp\/v2\/comments?post=576866"}],"version-history":[{"count":0,"href":"https:\/\/www.europesays.com\/fr\/wp-json\/wp\/v2\/posts\/576866\/revisions"}],"wp:featuredmedia":[{"embeddable":true,"href":"https:\/\/www.europesays.com\/fr\/wp-json\/wp\/v2\/media\/576867"}],"wp:attachment":[{"href":"https:\/\/www.europesays.com\/fr\/wp-json\/wp\/v2\/media?parent=576866"}],"wp:term":[{"taxonomy":"category","embeddable":true,"href":"https:\/\/www.europesays.com\/fr\/wp-json\/wp\/v2\/categories?post=576866"},{"taxonomy":"post_tag","embeddable":true,"href":"https:\/\/www.europesays.com\/fr\/wp-json\/wp\/v2\/tags?post=576866"}],"curies":[{"name":"wp","href":"https:\/\/api.w.org\/{rel}","templated":true}]}}