{"id":576876,"date":"2025-12-04T05:39:09","date_gmt":"2025-12-04T05:39:09","guid":{"rendered":"https:\/\/www.europesays.com\/fr\/576876\/"},"modified":"2025-12-04T05:39:09","modified_gmt":"2025-12-04T05:39:09","slug":"six-reveillons-de-la-solidarite-organises-pour-des-personnes-seules-et-isolees","status":"publish","type":"post","link":"https:\/\/www.europesays.com\/fr\/576876\/","title":{"rendered":"six \u00ab\u00a0r\u00e9veillons de la solidarit\u00e9\u00a0\u00bb organis\u00e9s pour des personnes seules et isol\u00e9es"},"content":{"rendered":"<p>                    Par<br \/>\n        <strong><br \/>\n            <a href=\"https:\/\/actu.fr\/auteur\/laure-gentil\" title=\"Consulter tous les articles de Laure Gentil\" target=\"_blank\" rel=\"noopener\">Laure Gentil<\/a><br \/>\n                    <\/strong><\/p>\n<p>        Publi\u00e9 le<\/p>\n<p>            4 d\u00e9c. 2025 \u00e0 6h30        <\/p>\n<p>La <b>Fondation de France <\/b>\u00ab\u00a0se mobilise aux c\u00f4t\u00e9s des associations de proximit\u00e9 pour que les f\u00eates de fin d\u2019ann\u00e9e riment avec entraide, partage et convivialit\u00e9\u00a0\u00bb. En 2025, 24 \u00ab\u00a0r\u00e9veillons de la solidarit\u00e9\u00a0\u00bb sont organis\u00e9s dans le Grand Ouest (et 211 ailleurs en France). \u00c0 Nantes et dans sa m\u00e9tropole, il y en a six.\u00a0<\/p>\n<p>Un bal folk pour les f\u00eates avec le SAVS de Rez\u00e9<\/p>\n<p class=\" wall-content\">Le Service d\u2019Accompagnement \u00e0 la Vie Sociale (SAVS) de Rez\u00e9, rattach\u00e9 \u00e0 l\u2019Adapeila (nouveau nom de l\u2019Adapei de Loire-Atlantique), accompagne 90 adultes en situation de handicap. Le 6 d\u00e9cembre, le SAVS organise un bal festif \u00e0 La Barakason.<\/p>\n<p class=\" wall-content\">Le bal est ouvert \u00e0 tous, \u00ab\u00a0avec une attention particuli\u00e8re port\u00e9e aux personnes isol\u00e9es ou \u00e9loign\u00e9es de l\u2019offre culturelle\u00a0\u00bb, indique La Fondation de France.<\/p>\n<p class=\" wall-content\"><a href=\"https:\/\/url.de.m.mimecastprotect.com\/s\/7y7YCpZNLDsG7g01FYinFGp4ad?domain=google.com\" target=\"_blank\" rel=\"noopener\">Pour plus d\u2019informations, cliquez ici.<\/a><\/p>\n<p>Une f\u00eate multiculturelle \u00e0 Nantes avec C\u0153ur d\u2019Exil<\/p>\n<p class=\" wall-content\">L\u2019association nantaise C\u0153ur d\u2019exil offre, \u00e0 travers des Caf\u00e9s de Parole, \u00ab\u00a0un espace d\u2019expression et d\u2019\u00e9coute pour les personnes exil\u00e9es, gr\u00e2ce \u00e0 des interpr\u00e8tes et traducteurs\u00a0\u00bb. C\u0153ur d\u2019exil travaille aussi avec l\u2019association Singa Nantes \u00ab\u00a0pour l\u2019inclusion des nouveaux arrivants, \u00e0 travers un parcours entrepreneurial\u00a0\u00bb, pr\u00e9cise la Fondation de France. Les deux associations ont d\u00e9cid\u00e9 d\u2019organiser une f\u00eate multiculturelle le 14 d\u00e9cembre apr\u00e8s-midi et qui comprendra \u00ab\u00a0un buffet des saveurs du monde pour 100 personnes, suivi d\u2019animations musicales et de jeux\u00a0\u00bb.\u00a0<\/p>\n<p class=\" wall-content\"><a href=\"https:\/\/url.de.m.mimecastprotect.com\/s\/K-g8CqQOLEcDVgyKCEsyFEJ16F?domain=google.com\" target=\"_blank\" rel=\"noopener\"> Pour plus d\u2019informations, cliquez ici.<\/a><\/p>\n<p>Temps festif avec Casse ta routine dans les quartiers Nord<\/p>\n<p class=\" wall-content\">L\u2019association Casse ta routine \u00ab\u00a0soutient et accompagne les habitants des quartiers Nord de Nantes dans leurs projets ou probl\u00e9matiques du quotidien : d\u00e9marches administratives, recherche d\u2019emploi, de logements, acc\u00e8s aux droits\u00a0\u00bb.<\/p>\n<p class=\" wall-content\">Le 15 d\u00e9cembre, un repas solidaire de No\u00ebl est organis\u00e9 aupr\u00e8s de 100 b\u00e9n\u00e9ficiaires en grande pr\u00e9carit\u00e9 et isol\u00e9s en lien avec la Maison de quartier, mais \u00e9galement un No\u00ebl solidaire avec go\u00fbter festif, spectacle et distribution de cadeaux pour environ 200 familles.<\/p>\n<p>Votre r\u00e9gion, votre actu !<\/p>\n<p>Recevez chaque jour les infos qui comptent pour vous.<\/p>\n<p>\t<a href=\"https:\/\/actu.fr\/newsletter\" class=\"ac-btn ac-btn--corner ac-btn--medium ac-btn--blue800\" target=\"_blank\" rel=\"noopener\">S&rsquo;incrire<\/a><\/p>\n<p class=\" wall-content\"><a href=\"https:\/\/url.de.m.mimecastprotect.com\/s\/C7HdCr2PVGhpWyRPijt5F4jp_1?domain=cassetaroutine.fr\" target=\"_blank\" rel=\"noopener\">Pour plus d\u2019informations, cliquez ici.<\/a><\/p>\n<p>\u00ab\u00a0Mellinet en f\u00eate\u00a0\u00bb avec l\u2019association Aurore<\/p>\n<p class=\" wall-content\">L\u2019association Aurore \u00ab\u00a0accueille et accompagne vers l\u2019autonomie des personnes en situation de pr\u00e9carit\u00e9 ou d\u2019exclusion\u00a0\u00bb. Le 17 d\u00e9cembre 2025, l\u2019association ouvrira les portes du centre d\u2019h\u00e9bergement Mellinet avec au programme : un repas de f\u00eate local, un concert du groupe Calyps\u2019Atlantic, un spectacle de magie et un cadeau commun offert aux r\u00e9sidents pour encourager les activit\u00e9s collectives.<\/p>\n<p class=\" wall-content\"><a href=\"https:\/\/url.de.m.mimecastprotect.com\/s\/fyjZCvQWLMcGRJnpF5uMFQ-l3X?domain=aurore.asso.fr\" target=\"_blank\" rel=\"noopener\">Pour plus d\u2019informations, cliquez ici.<\/a><\/p>\n<p>R\u00e9veillon solidaire pour les jeunes de l\u2019association Maison Jeunes Migrants<\/p>\n<p class=\" wall-content\">La mission de la Maison Jeunes Migrants (MJM) est de loger et d\u2019accompagner les mineurs non accompagn\u00e9s (MNA) se retrouvant \u00e0 la rue. L\u2019association organise un r\u00e9veillon solidaire le 20 d\u00e9cembre pour les mineurs non accompagn\u00e9s. \u00ab\u00a0L\u2019objectif est de rompre l\u2019isolement et de cr\u00e9er du lien social entre les jeunes, leurs amis, les familles d\u2019accueil et les b\u00e9n\u00e9voles\u00a0\u00bb, explique la Fondation.<\/p>\n<p>Bellevue f\u00eate son r\u00e9veillon avec Studio Mektoub<\/p>\n<p class=\" wall-content\">Studio Mektoub \u00ab\u00a0met en lumi\u00e8re des artistes de tous les horizons sociaux et favorise les collaborations interculturelles\u00a0\u00bb. Un r\u00e9veillon de No\u00ebl\u00a0est organis\u00e9 par Studio Mektoub le 24 d\u00e9cembre au c\u0153ur du quartier de Bellevue \u00e0 Nantes. La soir\u00e9e d\u00e9butera par un repas festif multiculturel, pr\u00e9par\u00e9 en collaboration avec deux associations locales, et se poursuivra par un concert au piano de chants de No\u00ebl avec des sonorit\u00e9s du monde. La soir\u00e9e se terminera par une distribution de cadeaux confectionn\u00e9s par des associations locales. Pr\u00e8s de 200 personnes sont attendues.<\/p>\n<p class=\" wall-content\"><a href=\"https:\/\/url.de.m.mimecastprotect.com\/s\/8oi4Cw0X7Nu725EJTxCLFJch90?domain=studiomektoub.com\" target=\"_blank\" rel=\"noopener\"> Pour plus d\u2019informations, cliquez ici.\u00a0<\/a><\/p>\n<p class=\" wall-content\">Personnalisez votre actualit\u00e9 en ajoutant vos villes et m\u00e9dias en favori avec <a href=\"https:\/\/moncompte.actu.fr\" title=\"D\u00e9couvez Mon Actu\" rel=\"nofollow noopener\" data-trk=\"{&quot;cta&quot;:{&quot;action&quot;:&quot;https:\\\/\\\/moncompte.actu.fr&quot;,&quot;category&quot;:&quot;mon compte&quot;,&quot;from&quot;:&quot;article footer&quot;,&quot;name&quot;:&quot;Mon actu&quot;,&quot;type&quot;:&quot;cta&quot;}}\" target=\"_blank\">Mon Actu<\/a>.<\/p>\n","protected":false},"excerpt":{"rendered":"Par Laure Gentil Publi\u00e9 le 4 d\u00e9c. 2025 \u00e0 6h30 La Fondation de France \u00ab\u00a0se mobilise aux c\u00f4t\u00e9s&hellip;\n","protected":false},"author":2,"featured_media":576877,"comment_status":"","ping_status":"","sticky":false,"template":"","format":"standard","meta":{"footnotes":""},"categories":[2818],"tags":[1111,11,1777,674,1011,27,766,12,15830,2636,25,104,3400],"class_list":{"0":"post-576876","1":"post","2":"type-post","3":"status-publish","4":"format-standard","5":"has-post-thumbnail","7":"category-nantes","8":"tag-actu","9":"tag-actualites","10":"tag-eu","11":"tag-europe","12":"tag-fr","13":"tag-france","14":"tag-nantes","15":"tag-news","16":"tag-noel","17":"tag-pays-de-la-loire","18":"tag-republique-francaise","19":"tag-societe","20":"tag-solidarite"},"share_on_mastodon":{"url":"https:\/\/pubeurope.com\/@fr\/115659693594335077","error":""},"_links":{"self":[{"href":"https:\/\/www.europesays.com\/fr\/wp-json\/wp\/v2\/posts\/576876","targetHints":{"allow":["GET"]}}],"collection":[{"href":"https:\/\/www.europesays.com\/fr\/wp-json\/wp\/v2\/posts"}],"about":[{"href":"https:\/\/www.europesays.com\/fr\/wp-json\/wp\/v2\/types\/post"}],"author":[{"embeddable":true,"href":"https:\/\/www.europesays.com\/fr\/wp-json\/wp\/v2\/users\/2"}],"replies":[{"embeddable":true,"href":"https:\/\/www.europesays.com\/fr\/wp-json\/wp\/v2\/comments?post=576876"}],"version-history":[{"count":0,"href":"https:\/\/www.europesays.com\/fr\/wp-json\/wp\/v2\/posts\/576876\/revisions"}],"wp:featuredmedia":[{"embeddable":true,"href":"https:\/\/www.europesays.com\/fr\/wp-json\/wp\/v2\/media\/576877"}],"wp:attachment":[{"href":"https:\/\/www.europesays.com\/fr\/wp-json\/wp\/v2\/media?parent=576876"}],"wp:term":[{"taxonomy":"category","embeddable":true,"href":"https:\/\/www.europesays.com\/fr\/wp-json\/wp\/v2\/categories?post=576876"},{"taxonomy":"post_tag","embeddable":true,"href":"https:\/\/www.europesays.com\/fr\/wp-json\/wp\/v2\/tags?post=576876"}],"curies":[{"name":"wp","href":"https:\/\/api.w.org\/{rel}","templated":true}]}}