{"id":576883,"date":"2025-12-04T05:43:10","date_gmt":"2025-12-04T05:43:10","guid":{"rendered":"https:\/\/www.europesays.com\/fr\/576883\/"},"modified":"2025-12-04T05:43:10","modified_gmt":"2025-12-04T05:43:10","slug":"toulouse-accueille-le-premier-congres-national-consacre-a-la-clarinette-deux-des-meilleurs-clarinettistes-au-monde-seront-presents","status":"publish","type":"post","link":"https:\/\/www.europesays.com\/fr\/576883\/","title":{"rendered":"Toulouse accueille le premier Congr\u00e8s national consacr\u00e9 \u00e0 la clarinette\u00a0: deux des meilleurs clarinettistes au monde seront pr\u00e9sents"},"content":{"rendered":"<p>\n                                                                    l&rsquo;essentiel<br \/>\n                                                                C\u2019est une premi\u00e8re\u00a0! Du 5 au 7\u00a0d\u00e9cembre, Toulouse accueillera le premier Congr\u00e8s national consacr\u00e9 \u00e0 la clarinette. Plusieurs solistes de renomm\u00e9e internationale sont attendus pour l\u2019occasion.\n                            <\/p>\n<p>Toulouse devient la capitale de la clarinette en accueillant le premier Congr\u00e8s national consacr\u00e9 \u00e0 cet instrument, du 5 au 7\u00a0d\u00e9cembre. S\u2019il s\u2019agit d\u2019une pratique niche, les trois jours d\u2019\u00e9v\u00e9nements au\u00a0Conservatoire \u00e0 rayonnement r\u00e9gional (CRR) et \u00e0 l\u2019auditorium Saint-Pierre-des-Cuisines affichent d\u00e9j\u00e0 complet.<\/p>\n<p>Au programme\u00a0: des ateliers et conf\u00e9rences, des masterclass, un salon des exposants et des concerts r\u00e9unissant des vedettes de renomm\u00e9e internationale comme Philippe Berrod, soliste pour l\u2019Orchestre de Paris, et Nicolas Baldeyrou, soliste de l\u2019Orchestre philharmonique de Radio France. \u00ab\u00a0Ce sont deux des meilleurs clarinettistes au monde\u00a0\u00bb, indique Adrien Besse, membre du comit\u00e9 d\u2019organisation et de l\u2019association organisatrice.<\/p>\n<p class=\"std-elt__inline\">\n        <strong>\u00c0 lire aussi :<\/strong><br \/>\n        <a href=\"https:\/\/www.ladepeche.fr\/2025\/03\/19\/le-conservatoire-de-toulouse-est-un-etablissement-exceptionnel-en-france-christophe-millet-prend-la-tete-de-linstitution-12579100.php\" target=\"_blank\" rel=\"noopener\">\u00ab\u00a0Le Conservatoire de Toulouse est un \u00e9tablissement exceptionnel en France\u00a0\u00bb\u00a0: Christophe Millet prend la t\u00eate de l\u2019institution<\/a>\n    <\/p>\n<p>Ce congr\u00e8s, unique en France, est \u00e0 l\u2019initiative de la jeune Association fran\u00e7aise de la Clarinette. Elle a \u00e9t\u00e9 cr\u00e9\u00e9e il y a moins de deux ans et compte\u00a0300 membres\u00a0passionn\u00e9s, pour lesquels son existence est une n\u00e9cessit\u00e9\u00a0: \u00ab\u00a0Il\u00a0existe des collectifs pour la plupart des instruments mais il n\u2019y en avait pas pour le n\u00f4tre. Pourtant, l\u2019\u00e9cole fran\u00e7aise de la clarinette rayonne dans le monde et les deux plus gros fabricants se trouvent dans les Yvelines\u00a0\u00bb, reprend Adrien Besse.<\/p>\n<p>Quatre des meilleurs clarinettistes de France dans l\u2019orchestre du Capitole<\/p>\n<p>Si l\u2019association est bas\u00e9e \u00e0 Paris, c\u2019est bel et bien la Ville rose qui a \u00e9t\u00e9 choisie pour ce premier \u00e9v\u00e9nement qui vise \u00e0 promouvoir l\u2019instrument \u00e0 vent. Avec notamment trois magasins sp\u00e9cialis\u00e9s en ville, et \u00ab\u00a0quatre des meilleurs clarinettistes de France dans l\u2019orchestre du Capitole\u00a0\u00bb, \u00ab\u00a0Toulouse et l\u2019Occitanie recensent beaucoup de personnes tr\u00e8s actives dans le milieu, explique l\u2019organisateur. Le CRR\u00a0et la mairie ont tout de suite \u00e9t\u00e9 tr\u00e8s partants pour nous suivre\u00a0\u00bb. Fort de son succ\u00e8s, l\u2019Association fran\u00e7aise de la Clarinette devrait renouveler ce congr\u00e8s tous les deux ans, dans une ville diff\u00e9rente.<\/p>\n","protected":false},"excerpt":{"rendered":"l&rsquo;essentiel C\u2019est une premi\u00e8re\u00a0! Du 5 au 7\u00a0d\u00e9cembre, Toulouse accueillera le premier Congr\u00e8s national consacr\u00e9 \u00e0 la clarinette.&hellip;\n","protected":false},"author":2,"featured_media":576884,"comment_status":"","ping_status":"","sticky":false,"template":"","format":"standard","meta":{"footnotes":""},"categories":[2816],"tags":[1111,11,58,1777,674,1011,27,2722,873,12,2680,25,2312],"class_list":{"0":"post-576883","1":"post","2":"type-post","3":"status-publish","4":"format-standard","5":"has-post-thumbnail","7":"category-toulouse","8":"tag-actu","9":"tag-actualites","10":"tag-divertissement","11":"tag-eu","12":"tag-europe","13":"tag-fr","14":"tag-france","15":"tag-haute-garonne","16":"tag-musique","17":"tag-news","18":"tag-occitanie","19":"tag-republique-francaise","20":"tag-toulouse"},"share_on_mastodon":{"url":"https:\/\/pubeurope.com\/@fr\/115659709118558309","error":""},"_links":{"self":[{"href":"https:\/\/www.europesays.com\/fr\/wp-json\/wp\/v2\/posts\/576883","targetHints":{"allow":["GET"]}}],"collection":[{"href":"https:\/\/www.europesays.com\/fr\/wp-json\/wp\/v2\/posts"}],"about":[{"href":"https:\/\/www.europesays.com\/fr\/wp-json\/wp\/v2\/types\/post"}],"author":[{"embeddable":true,"href":"https:\/\/www.europesays.com\/fr\/wp-json\/wp\/v2\/users\/2"}],"replies":[{"embeddable":true,"href":"https:\/\/www.europesays.com\/fr\/wp-json\/wp\/v2\/comments?post=576883"}],"version-history":[{"count":0,"href":"https:\/\/www.europesays.com\/fr\/wp-json\/wp\/v2\/posts\/576883\/revisions"}],"wp:featuredmedia":[{"embeddable":true,"href":"https:\/\/www.europesays.com\/fr\/wp-json\/wp\/v2\/media\/576884"}],"wp:attachment":[{"href":"https:\/\/www.europesays.com\/fr\/wp-json\/wp\/v2\/media?parent=576883"}],"wp:term":[{"taxonomy":"category","embeddable":true,"href":"https:\/\/www.europesays.com\/fr\/wp-json\/wp\/v2\/categories?post=576883"},{"taxonomy":"post_tag","embeddable":true,"href":"https:\/\/www.europesays.com\/fr\/wp-json\/wp\/v2\/tags?post=576883"}],"curies":[{"name":"wp","href":"https:\/\/api.w.org\/{rel}","templated":true}]}}