{"id":576885,"date":"2025-12-04T05:44:13","date_gmt":"2025-12-04T05:44:13","guid":{"rendered":"https:\/\/www.europesays.com\/fr\/576885\/"},"modified":"2025-12-04T05:44:13","modified_gmt":"2025-12-04T05:44:13","slug":"une-parenthese-joyeuse-qui-nest-pas-hors-sol-le-festival-girls-dont-cry-saffirme-pour-sa-5e-edition-a-toulouse","status":"publish","type":"post","link":"https:\/\/www.europesays.com\/fr\/576885\/","title":{"rendered":"\u00ab\u00a0Une parenth\u00e8se joyeuse qui n\u2019est pas hors-sol\u00a0\u00bb\u00a0: le festival Girls Don\u2019t Cry s\u2019affirme pour sa 5e \u00e9dition \u00e0 Toulouse"},"content":{"rendered":"<p>\n                                                                    l&rsquo;essentiel<br \/>\n                                                                Entre f\u00eate, cabarets et moments plus doux, le festival de musique \u00e9lectronique et exp\u00e9rimentale de l\u2019association La Petite revient du 5 au 7\u00a0d\u00e9cembre \u00e0 Toulouse pour une \u00e9dition plus dense et dansante, mais toujours aussi engag\u00e9e.\n                            <\/p>\n<p><a href=\"https:\/\/www.lapetite.fr\/girls-dont-cry-festival-2025\/\" target=\"_blank\" rel=\"noopener\">Le Girls Don\u2019t Cry <\/a>revient du 5 au 7\u00a0d\u00e9cembre et n\u2019a plus rien d\u2019un jeune festival. \u00ab\u00a0Une cinqui\u00e8me \u00e9dition, \u00e7a assoit l\u2019\u00e9v\u00e9nement\u00a0\u00bb, glisse Camille Mathon, responsable artistique. L\u2019an dernier, le samedi affichait complet (700 personnes) et le rendez-vous avait r\u00e9uni environ 1\u00a0300 festivaliers.<\/p>\n<p>Cette fois encore, le gros de la f\u00eate se tiendra \u00e0 la Cabane, avec stands, animations et restauration. Surtout, cette ann\u00e9e, le festival s\u2019\u00e9tire et promet d\u2019\u00eatre encore plus dansant. La programmation, imagin\u00e9e conjointement avec des b\u00e9n\u00e9voles, fait la part belle \u00e0 la f\u00eate\u00a0: cinq cabarets, treize performances, des artistes tenant des stands, un atelier de flamenco et une coloration club sur les soir\u00e9es du vendredi et du samedi. Le cabaret drag reste un pilier (avec la Noche Vita en point d\u2019orgue) et la pr\u00e9sence de Le Talu, artiste queer \u00e0 la parole politique, illustre l\u2019\u00e9nergie du festival.<\/p>\n<p>        <img decoding=\"async\" class=\"std-img__img responsive-img\" src=\"https:\/\/www.europesays.com\/fr\/wp-content\/uploads\/2025\/12\/1764827053_521_image.jpg\" alt=\"Le festival toulousain entend transformer la Cabane en safe place.\"\/><\/p>\n<p>                Le festival toulousain entend transformer la Cabane en safe place.<br \/>\n                                    La Petite<\/p>\n<p>La principale nouveaut\u00e9 se tiendra dimanche, au Centre culturel Bonnefoy. Le lieu \u00ab\u00a0cosy, bois\u00e9, familial et \u00e9quip\u00e9 de poufs\u00a0\u00bb servira d\u2019\u00e9crin pour des lectures jeunesse, des ateliers, des rendez-vous plus doux pour un public plus vari\u00e9\u2026 Ou pour se reposer de la soir\u00e9e de la veille. Dans le m\u00eame ordre d\u2019id\u00e9e inclusive, le Girls Don\u2019t Cry se d\u00e9ploie aussi hors les murs avec un arpentage litt\u00e9raire jeudi \u00e0 la librairie Paysages Humains, histoire d\u2019embrasser toutes les fa\u00e7ons de vivre la culture.<\/p>\n<p>Former, accompagner, transformer<\/p>\n<p>\u00ab\u00a0Les communaut\u00e9s les plus repr\u00e9sent\u00e9es \u00e0 notre festival vivent des p\u00e9riodes difficiles. On pense l\u2019\u00e9v\u00e9nement comme une faille plus qu\u2019une bulle\u00a0: une parenth\u00e8se joyeuse qui n\u2019est pas hors-sol\u00a0\u00bb, explique l\u2019organisatrice. La joie devient politique.<\/p>\n<blockquote data-instgrm-captioned=\"\" data-instgrm-permalink=\"https:\/\/www.instagram.com\/p\/DK9w9TKoNwt\/?utm_source=ig_embed&amp;utm_campaign=loading\" data-instgrm-version=\"14\" style=\" background:#FFF; border:0; border-radius:3px; box-shadow:0 0 1px 0 rgba(0,0,0,0.5),0 1px 10px 0 rgba(0,0,0,0.15); margin: 1px; max-width:540px; min-width:326px; padding:0; width:99.375%; width:-webkit-calc(100% - 2px); width:calc(100% - 2px);\" data-class=\"instagram-media\"\/>\n<p>L\u2019association La Petite porte Girls Don\u2019t Cry et m\u00e8ne toute l\u2019ann\u00e9e un travail d\u2019\u00e9galit\u00e9 dans le secteur culturel. Cela passe par des formations contre les discriminations, des bilans de comp\u00e9tences, des accompagnements de carri\u00e8re pour femmes et personnes queer, et la programmation d\u2019\u00e9v\u00e9nements.<\/p>\n<p>Pendant le festival, elle animera notamment des ateliers f\u00e9ministes et d\u2019auto-d\u00e9fense le samedi. La formule formation, action culturelle et accompagnement vise ainsi \u00e0 transformer durablement le secteur\u00a0: \u00ab\u00a0On a l\u2019impression que l\u2019existence du festival facilite la prise de conscience et le changement des pratiques ailleurs\u00a0\u00bb, conclut Camille Mathon. Girls Don\u2019t Cry n\u2019est donc pas seulement une f\u00eate. C\u2019est un exemple et une strat\u00e9gie collective pour inventer d\u2019autres mani\u00e8res de mieux vivre la culture.<\/p>\n<p>Du vendredi\u00a05 au dimanche 7\u00a0d\u00e9cembre \u00e0 la Cabane. Tarif en pr\u00e9vente\u00a0: 17,80\u00a0\u20ac.<\/p>\n<p>                                                                                                                                                                                                        <script async src=\"\/\/www.instagram.com\/embed.js\"><\/script><\/p>\n","protected":false},"excerpt":{"rendered":"l&rsquo;essentiel Entre f\u00eate, cabarets et moments plus doux, le festival de musique \u00e9lectronique et exp\u00e9rimentale de l\u2019association La&hellip;\n","protected":false},"author":2,"featured_media":576886,"comment_status":"","ping_status":"","sticky":false,"template":"","format":"standard","meta":{"footnotes":""},"categories":[2816],"tags":[1111,11,872,1777,674,1011,27,69124,2722,12,2680,25,2312],"class_list":{"0":"post-576885","1":"post","2":"type-post","3":"status-publish","4":"format-standard","5":"has-post-thumbnail","7":"category-toulouse","8":"tag-actu","9":"tag-actualites","10":"tag-culture-et-loisirs","11":"tag-eu","12":"tag-europe","13":"tag-fr","14":"tag-france","15":"tag-fu00eates-et-festivals","16":"tag-haute-garonne","17":"tag-news","18":"tag-occitanie","19":"tag-republique-francaise","20":"tag-toulouse"},"share_on_mastodon":{"url":"https:\/\/pubeurope.com\/@fr\/115659713842638578","error":""},"_links":{"self":[{"href":"https:\/\/www.europesays.com\/fr\/wp-json\/wp\/v2\/posts\/576885","targetHints":{"allow":["GET"]}}],"collection":[{"href":"https:\/\/www.europesays.com\/fr\/wp-json\/wp\/v2\/posts"}],"about":[{"href":"https:\/\/www.europesays.com\/fr\/wp-json\/wp\/v2\/types\/post"}],"author":[{"embeddable":true,"href":"https:\/\/www.europesays.com\/fr\/wp-json\/wp\/v2\/users\/2"}],"replies":[{"embeddable":true,"href":"https:\/\/www.europesays.com\/fr\/wp-json\/wp\/v2\/comments?post=576885"}],"version-history":[{"count":0,"href":"https:\/\/www.europesays.com\/fr\/wp-json\/wp\/v2\/posts\/576885\/revisions"}],"wp:featuredmedia":[{"embeddable":true,"href":"https:\/\/www.europesays.com\/fr\/wp-json\/wp\/v2\/media\/576886"}],"wp:attachment":[{"href":"https:\/\/www.europesays.com\/fr\/wp-json\/wp\/v2\/media?parent=576885"}],"wp:term":[{"taxonomy":"category","embeddable":true,"href":"https:\/\/www.europesays.com\/fr\/wp-json\/wp\/v2\/categories?post=576885"},{"taxonomy":"post_tag","embeddable":true,"href":"https:\/\/www.europesays.com\/fr\/wp-json\/wp\/v2\/tags?post=576885"}],"curies":[{"name":"wp","href":"https:\/\/api.w.org\/{rel}","templated":true}]}}