{"id":576887,"date":"2025-12-04T05:45:24","date_gmt":"2025-12-04T05:45:24","guid":{"rendered":"https:\/\/www.europesays.com\/fr\/576887\/"},"modified":"2025-12-04T05:45:24","modified_gmt":"2025-12-04T05:45:24","slug":"lille-montez-a-bord-dun-bus-a-imperiale-electrique-avec-loffice-du-tourisme-pour-voir-la-ville-den-haut","status":"publish","type":"post","link":"https:\/\/www.europesays.com\/fr\/576887\/","title":{"rendered":"Lille. Montez \u00e0 bord d\u2019un bus \u00e0 imp\u00e9riale \u00e9lectrique avec l\u2019Office du tourisme pour voir la ville d\u2019en haut"},"content":{"rendered":"<p>                    Par<br \/>\n        <strong><br \/>\n            <a href=\"https:\/\/actu.fr\/auteur\/annesophie-2\" title=\"Consulter tous les articles de Anne-Sophie Hourdeaux\" target=\"_blank\" rel=\"noopener\">Anne-Sophie Hourdeaux<\/a><br \/>\n                    <\/strong><\/p>\n<p>        Publi\u00e9 le<\/p>\n<p>            4 d\u00e9c. 2025 \u00e0 6h26        <\/p>\n<p><b>Le \u00ab\u2009City Tour\u2009\u00bb \u00e0 Lille<\/b>, c\u2019est une visite guid\u00e9e de plus d\u2019une heure en bus \u00e0 la d\u00e9couverte de la ville. \u00c0 partir du 4\u00a0d\u00e9cembre 2025, il y a <b>du nouveau dans cette offre touristique<\/b>\u2009: <a href=\"https:\/\/actu.fr\/hauts-de-france\/lille_59350\/lille-un-nouveau-bus-a-langlaise-pour-decouvrir-la-ville-des-septembre-2025_63097488.html\" target=\"_blank\" rel=\"noopener\">un nouveau bus \u00ab\u00a0\u00e0 l\u2019anglaise\u00a0\u00bb<\/a> s\u2019ajoute aux 2 d\u00e9j\u00e0 pr\u00e9sents, et pas n\u2019importe lequel. Il s\u2019agit d\u2019<b>un\u2009bus \u00e0 imp\u00e9riale de 4 m\u00e8tres de haut, avec un \u00e9tage en plein air, comme en Angleterre<\/b>\u2009! <b>\u00c9lectrique, \u00e9quip\u00e9 d\u2019\u00e9crans et d\u2019\u00e9quipement audio en 9 langues<\/b>, il offre une toute nouvelle exp\u00e9rience touristique \u00e0 la d\u00e9couverte des quartiers de la ville. On l\u2019a test\u00e9, et on red\u00e9couvre vraiment la ville en prenant de la hauteur. Le petit plus\u2009: <b>il est privatisable<\/b>\u2009!<\/p>\n<p>Floqu\u00e9 aux couleurs Kandinsky pour ses d\u00e9buts<\/p>\n<p class=\" wall-content\">C\u2019est un beau v\u00e9hicule unique dans la r\u00e9gion\u2009: il a un \u00e9tage, ouvert pour mieux appr\u00e9cier le paysage, \u00ab\u00a0\u2009mais qu\u2019on peut fermer en cas de mauvais temps\u2009\u00a0\u00bb pr\u00e9cise Romain Roguet, pr\u00e9sident de l\u2019Office de tourisme Lille m\u00e9tropole. Les passants qui le croisent ne peuvent que lever la t\u00eate pour l\u2019admirer\u2009! Car on n\u2019a jamais vu un tel v\u00e9hicule \u00e0 Lille.<\/p>\n<p>    <img   decoding=\"async\" loading=\"lazy\" class=\"size-large\" src=\"https:\/\/www.europesays.com\/fr\/wp-content\/uploads\/2025\/12\/903ac067fe296684ac067fe29bb8acv-960x640.jpg\" alt=\"Anne-Sophie Hourdeaux\u00a0\" width=\"960\" height=\"640\"\/><br \/>\n    Le nouveau bus \u00e0 deux \u00e9tages dispose de 67 places dont 55 en haut. \u00a9Anne-Sophie Hourdeaux\/Croix du Nord<\/p>\n<p class=\" wall-content\">Pour sa premi\u00e8re sortie, il est aux couleurs d\u2019un \u00e9v\u00e9nement culturel de la m\u00e9tropole lilloise\u2009: <a href=\"https:\/\/actu.fr\/hauts-de-france\/lille_59350\/metropole-de-lille-pour-booster-le-tourisme-un-gros-evenement-par-an-quel-sera-celui-de-2026_63097859.html\" target=\"_blank\" rel=\"noopener\">l\u2019exposition Kandinsky au LAM de Villeneuve-d\u2019Ascq<\/a>, du 20\u00a0f\u00e9vrier au 14\u00a0juin 2026. Un rendez-vous d\u2019autant plus exceptionnel qu\u2019il intervient dans le cadre de la r\u00e9ouverture du mus\u00e9e apr\u00e8s <a href=\"https:\/\/actu.fr\/hauts-de-france\/villeneuve-d-ascq_59009\/au-lam-de-villeneuve-dascq-12-millions-deuros-de-travaux-de-rehabilitation-avant-2025_59833351.html\" target=\"_blank\" rel=\"noopener\">18\u00a0mois de travaux<\/a> et un nouveau look\u2009!<\/p>\n<blockquote class=\"ac-article-quote wall-content\">\n<p>Ce bus changera r\u00e9guli\u00e8rement de \u2018facing\u2019, de couleurs, selon les \u00e9v\u00e9nements, les expos. Il est la vitrine du tourisme dans la m\u00e9tropole. On commence avec un beau rendez-vous, l\u2019expo Kandinsky au LAM\u2009! Le v\u00e9hicule pourra aussi reprendre les couleurs de l\u2019Office de tourisme, rouge.<\/p>\n<p>Romain Roguet, directeur de l\u2019Office de tourisme Lille m\u00e9tropole<\/p><\/blockquote>\n<p class=\" wall-content\">\u00c0 l\u2019int\u00e9rieur en effet, c\u2019est la couleur rouge qui domine. Au rez-de-chauss\u00e9e, se trouve une dizaine de places assises, avec de larges espaces \u00ab\u2009pour les personnes \u00e0 mobilit\u00e9 r\u00e9duite en fauteuil roulant\u2009\u00bb dit encore le directeur.<\/p>\n<p>    <img   decoding=\"async\" loading=\"lazy\" class=\"size-large\" src=\"https:\/\/www.europesays.com\/fr\/wp-content\/uploads\/2025\/12\/7d8e9067fe296272f9067fe296851av-960x640.jpg\" alt=\"Anne-Sophie Hourdeaux\u00a0\" width=\"960\" height=\"640\"\/><br \/>\n    Au rez-de-chauss\u00e9e du bus imp\u00e9rial, on trouve 12 places assises et des espaces pour les fauteuils roulants. \u00a9Anne-Sophie Hourdeaux\/Croix du Nord\u00c9tage, \u00e9crans, \u00e9couteurs, \u00e9coresponsable<\/p>\n<p class=\" wall-content\">La particularit\u00e9 de ce bus est de disposer d\u2019un \u00e9tage, joignable par deux escaliers \u00e0 chaque extr\u00e9mit\u00e9. \u00c0 l\u2019\u00e9tage, ce sont 55 places assises qui sont propos\u00e9es. Sur les c\u00f4t\u00e9s, des radiateurs permettent de ne pas avoir froid. On se sent un peu comme dans un cocon, les parois vitr\u00e9es offrant une visibilit\u00e9 et une s\u00e9curit\u00e9 optimum. Le fait que le toit soit d\u00e9couvert offre une exp\u00e9rience in\u00e9dite\u2009! Voir les b\u00e2timents et maisons de haut permet de remarquer des d\u00e9tails quasi-invisibles \u00e0 ras de sol.<\/p>\n<p>Votre r\u00e9gion, votre actu !<\/p>\n<p>Recevez chaque jour les infos qui comptent pour vous.<\/p>\n<p>\t<a href=\"https:\/\/actu.fr\/newsletter\" class=\"ac-btn ac-btn--corner ac-btn--medium ac-btn--blue800\" target=\"_blank\" rel=\"noopener\">S&rsquo;incrire<\/a><\/p>\n<p>    <img   decoding=\"async\" loading=\"lazy\" class=\"size-large\" src=\"https:\/\/www.europesays.com\/fr\/wp-content\/uploads\/2025\/12\/4a5b0167fe296bb6b0167fe29f3fb0v-960x640.jpg\" alt=\"Anne-Sophie Hourdeaux\u00a0\" width=\"960\" height=\"640\"\/><br \/>\n    Le bus imp\u00e9rial dispose de 55 places au premier \u00e9tage, avec toit d\u00e9couvrable, pour une exp\u00e9rience \u00e0 l\u2019air libre mais avec possibilit\u00e9 d\u2019un toit b\u00e2ch\u00e9. \u00a9Anne-Sophie Hourdeaux\/Croix du Nord<\/p>\n<p class=\" wall-content\">Plusieurs \u00e9crans sont install\u00e9s, diffusant au cours du voyage des infos sur les \u00e9l\u00e9ments architecturaux, historiques et \u00e9v\u00e9nementiels de Lille. Mais pour \u00e9couter l\u2019audio, il faut ins\u00e9rer, dans un bo\u00eetier situ\u00e9 sur chaque si\u00e8ge, des \u00e9couteurs fournis par l\u2019Office de tourisme. \u00ab\u2009Ce sont 9 langues qui sont propos\u00e9es, le son est r\u00e9glable\u2009\u00bb.<\/p>\n<p>    <img   decoding=\"async\" loading=\"lazy\" class=\"size-large\" src=\"https:\/\/www.europesays.com\/fr\/wp-content\/uploads\/2025\/12\/27b05067fe2961bb05067fe29eeb05v-960x640.jpg\" alt=\"Anne-Sophie Hourdeaux\u00a0\" width=\"960\" height=\"640\"\/><br \/>\n    Chaque si\u00e8ge est \u00e9quip\u00e9 d\u2019un bo\u00eetier, des \u00e9couteurs fournis permettent d\u2019avoir des infos sur la ville, son histoire, ses monuments, ses \u00e9v\u00e9nements\u2026 \u00a9Anne-Sophie Hourdeaux\/Croix du Nord<\/p>\n<p class=\" wall-content\">Ce nouveau bus est \u00e9lectrique, \u00ab\u2009pour r\u00e9pondre \u00e0 nos valeurs \u00e9coresponsables\u2009\u00bb pr\u00e9cise Romain Roguet. \u00ab\u2009Et les deux autres bus du City Tour, thermiques, seront transform\u00e9s courant 2026 en bus \u00e9lectriques aussi\u2009\u00bb.<\/p>\n<p>Quel trajet\u2009?<\/p>\n<p class=\" wall-content\">Par o\u00f9 passe ce bus\u2009? En 1\u2009h\u200915 voire 1\u2009h\u200930, il sillonne de nombreux quartiers, entre le centre-ville, le Vieux-Lille et l\u2019entr\u00e9e de ville. Vous pourrez ainsi passer par le Port Fluvial, le si\u00e8ge de R\u00e9gion, Euralille, la gare Lille-Flandres, une grande partie du Vieux-Lille (rue de Gand\u2026), la Porte de Paris, le quartier Vauban (devant l\u2019Universit\u00e9 catholique). Et surtout les voir comme vous ne les avez jamais vues, \u00e0 4\u00a0m de haut\u2009!<\/p>\n<p>    <img   decoding=\"async\" loading=\"lazy\" class=\"size-large\" src=\"https:\/\/www.europesays.com\/fr\/wp-content\/uploads\/2025\/12\/d8080167fe296de080167fe29d2180v-960x640.jpg\" alt=\"Anne-Sophie Hourdeaux\u00a0\" width=\"960\" height=\"640\"\/><br \/>\n    Passage dans le Vieux-Lille. \u00a9Anne-Sophie Hourdeaux\/Croix du NordTrois rues non praticables pour l\u2019instant<\/p>\n<p class=\" wall-content\">Pour ses d\u00e9buts \u00e0 Lille, il ne peut pas faire exactement le m\u00eame circuit que ses 2 \u00ab\u2009a\u00een\u00e9s\u2009\u00bb. \u00ab\u2009Le nouveau bus ne peut pas passer par la rue Princesse, la rue Maracci et la partie entre la rue Thiers vers la rue des Chats Bossus\u2009\u00bb signale un des deux chauffeurs, Jamal M\u2019Chakleb. \u00ab\u2009Ce qui ampute le tour de 15 mn dans le Vieux-Lille\u2009\u00bb.<\/p>\n<p class=\" wall-content\">Pourquoi ces 3 portions de rue ne peuvent-elles pas \u00eatre emprunt\u00e9es actuellement par le fameux bus\u2009? \u00ab\u2009Car vu que le bus est plus haut, des arbres sont \u00e0 \u00e9laguer, et des poteaux en dur emp\u00eachent la man\u0153uvre\u2009\u00bb pr\u00e9cise encore le chauffeur. Il se surnomme lui-m\u00eame un \u00ab\u2009b\u00e9b\u00e9 City Tour\u2009\u00bb, car cela fait 26 ans qu\u2019il est chauffeur pour cette proposition n\u00e9e il y a 27 ans, en 1998\u2009!<\/p>\n<p>    <img   decoding=\"async\" loading=\"lazy\" class=\"size-large\" src=\"https:\/\/www.europesays.com\/fr\/wp-content\/uploads\/2025\/12\/5d10c067fe29672e0c067fe296421cv-960x640.jpg\" alt=\"Anne-Sophie Hourdeaux\u00a0\" width=\"960\" height=\"640\"\/><br \/>\n    Devant la Porte de Paris. \u00a9Anne-Sophie Hourdeaux\/Croix du Nord<\/p>\n<p class=\" wall-content\">Mais rassurez-vous, ce d\u00e9tour sera provisoire, puisque les quelques adaptations demand\u00e9es sont faciles \u00e0 faire. C\u2019est \u00e0 la mairie qu\u2019incombe l\u2019\u00e9lagage des arbres, les poteaux \u00e9tant du domaine de la MEL. D\u00e8s que les travaux seront r\u00e9alis\u00e9s, le City Tour du bus \u00e0 imp\u00e9riale reprend le parcours classique, et pourra notamment passer devant la maison natale du g\u00e9n\u00e9ral de Gaulle.<\/p>\n<p class=\" wall-content\">Bient\u00f4t, vous pourrez aussi le voir, ponctuellement, dans d\u2019autres villes, comme Roubaix, Tourcoing ou les Flandres \u00ab\u2009pour un circuit de tourisme de m\u00e9moire notamment\u2009\u00bb.<\/p>\n<p>Privatisable<\/p>\n<p class=\" wall-content\">Et si vous \u00eates fan de ce genre de visite, sachez que le bus est privatisable\u2009! Vous pouvez le louer, pour la dur\u00e9e habituelle du City Tour (1\u2009h\u200915 \u00e0 1\u2009h\u200930), pour vos \u00e9v\u00e9nements, que ce soit un enterrement de vie de jeune fille\/gar\u00e7on, un moment convivial d\u2019entreprise ou associatif, une cousinade, une sortie scolaire\u2026 Il faudra compter plusieurs centaines d\u2019euros, \u00ab\u2009avec le montant maximum de 800 \u20ac\u00bb signale l\u2019Office de tourisme.<\/p>\n<p>Visite du jeudi au dimanche avec 3 d\u00e9parts par jour \u00e0 11\u2009h, 14\u2009h et 16\u2009h. Prix\u2009: 18\u00a0\u20ac, 16\u00a0\u20ac en ligne, gratuit pour les moins de 6\u00a0ans. <a href=\"https:\/\/reservation.lilletourism.com\/imperial-city-tour.html\" target=\"_blank\" rel=\"noopener\">R\u00e9server sur le site de l\u2019Office de tourisme<\/a>.<\/p>\n<p class=\" wall-content\">Personnalisez votre actualit\u00e9 en ajoutant vos villes et m\u00e9dias en favori avec <a href=\"https:\/\/moncompte.actu.fr\" title=\"D\u00e9couvez Mon Actu\" rel=\"nofollow noopener\" data-trk=\"{&quot;cta&quot;:{&quot;action&quot;:&quot;https:\\\/\\\/moncompte.actu.fr&quot;,&quot;category&quot;:&quot;mon compte&quot;,&quot;from&quot;:&quot;article footer&quot;,&quot;name&quot;:&quot;Mon actu&quot;,&quot;type&quot;:&quot;cta&quot;}}\" target=\"_blank\">Mon Actu<\/a>.<\/p>\n","protected":false},"excerpt":{"rendered":"Par Anne-Sophie Hourdeaux Publi\u00e9 le 4 d\u00e9c. 2025 \u00e0 6h26 Le \u00ab\u2009City Tour\u2009\u00bb \u00e0 Lille, c\u2019est une visite&hellip;\n","protected":false},"author":2,"featured_media":576888,"comment_status":"","ping_status":"","sticky":false,"template":"","format":"standard","meta":{"footnotes":""},"categories":[2815],"tags":[1111,11,1777,674,1011,27,811,1307,12,25,104,602],"class_list":{"0":"post-576887","1":"post","2":"type-post","3":"status-publish","4":"format-standard","5":"has-post-thumbnail","7":"category-lille","8":"tag-actu","9":"tag-actualites","10":"tag-eu","11":"tag-europe","12":"tag-fr","13":"tag-france","14":"tag-hauts-de-france","15":"tag-lille","16":"tag-news","17":"tag-republique-francaise","18":"tag-societe","19":"tag-tourisme"},"share_on_mastodon":{"url":"https:\/\/pubeurope.com\/@fr\/115659717746681790","error":""},"_links":{"self":[{"href":"https:\/\/www.europesays.com\/fr\/wp-json\/wp\/v2\/posts\/576887","targetHints":{"allow":["GET"]}}],"collection":[{"href":"https:\/\/www.europesays.com\/fr\/wp-json\/wp\/v2\/posts"}],"about":[{"href":"https:\/\/www.europesays.com\/fr\/wp-json\/wp\/v2\/types\/post"}],"author":[{"embeddable":true,"href":"https:\/\/www.europesays.com\/fr\/wp-json\/wp\/v2\/users\/2"}],"replies":[{"embeddable":true,"href":"https:\/\/www.europesays.com\/fr\/wp-json\/wp\/v2\/comments?post=576887"}],"version-history":[{"count":0,"href":"https:\/\/www.europesays.com\/fr\/wp-json\/wp\/v2\/posts\/576887\/revisions"}],"wp:featuredmedia":[{"embeddable":true,"href":"https:\/\/www.europesays.com\/fr\/wp-json\/wp\/v2\/media\/576888"}],"wp:attachment":[{"href":"https:\/\/www.europesays.com\/fr\/wp-json\/wp\/v2\/media?parent=576887"}],"wp:term":[{"taxonomy":"category","embeddable":true,"href":"https:\/\/www.europesays.com\/fr\/wp-json\/wp\/v2\/categories?post=576887"},{"taxonomy":"post_tag","embeddable":true,"href":"https:\/\/www.europesays.com\/fr\/wp-json\/wp\/v2\/tags?post=576887"}],"curies":[{"name":"wp","href":"https:\/\/api.w.org\/{rel}","templated":true}]}}