{"id":576893,"date":"2025-12-04T05:48:17","date_gmt":"2025-12-04T05:48:17","guid":{"rendered":"https:\/\/www.europesays.com\/fr\/576893\/"},"modified":"2025-12-04T05:48:17","modified_gmt":"2025-12-04T05:48:17","slug":"un-phare-sur-la-ville-michael-canitrot-devoile-les-coulisses-du-show-monumental-qui-illuminera-la-bonne-mere","status":"publish","type":"post","link":"https:\/\/www.europesays.com\/fr\/576893\/","title":{"rendered":"\u00ab\u00a0Un phare sur la ville\u00a0\u00bb, Micha\u00ebl Canitrot d\u00e9voile les coulisses du show monumental qui illuminera la Bonne M\u00e8re"},"content":{"rendered":"<p>Elle est enfin d\u00e9barrass\u00e9e de ses \u00e9chafaudages et s&rsquo;appr\u00eate \u00e0 briller comme jamais. Ce dimanche soir, pour c\u00e9l\u00e9brer la restauration de la statue de Notre-Dame de la Garde, le c\u00e9l\u00e8bre DJ et producteur Micha\u00ebl Canitrot (Monumental Tour) a con\u00e7u \u00ab\u00a0\u00c9l\u00e9vation\u00a0\u00bb. Une cr\u00e9ation musicale et lumineuse unique de 12 minutes, visible depuis tout Marseille. Il en d\u00e9voile la po\u00e9sie au micro de Maritima.<\/p>\n<p class=\"ng-star-inserted\">C\u2019est un cadeau offert aux Marseillais, qu&rsquo;ils soient sur le Vieux-Port, dans les terres ou en mer. Pour marquer le retour de <a href=\"https:\/\/maritima.fr\/actualites\/societe\/marseille\/9469\/a-marseille-la-bonne-mere-retrouve-leclat-de-sa-couronne-marquant-la-fin-du-chantier\" target=\"_blank\" rel=\"noopener\">la statue dor\u00e9e<\/a> de la Vierge \u00e0 l&rsquo;Enfant, le Dioc\u00e8se de Marseille a fait appel \u00e0 un expert des mises en sc\u00e8ne grandioses.<\/p>\n<p class=\"ng-star-inserted\">Apr\u00e8s la Tour Eiffel, Notre Dame de Paris ou encore le Ch\u00e2teau de Chambord,\u00a0<strong class=\"ng-star-inserted\">Micha\u00ebl Canitrot<\/strong>\u00a0s&rsquo;attaque \u00e0 l&rsquo;ic\u00f4ne phoc\u00e9enne.\u00a0\u00ab\u00a0La premi\u00e8re chose qu&rsquo;on voit en arrivant \u00e0 Marseille, c&rsquo;est cette Bonne M\u00e8re. Elle rayonne de sa splendeur\u00a0\u00bb, confie l&rsquo;artiste \u00e0 Laurence Durandau. Son objectif ? Transformer la basilique en un\u00a0\u00ab\u00a0phare\u00a0\u00bb\u00a0spirituel et visuel le temps d&rsquo;une soir\u00e9e.<\/p>\n<p class=\"ng-star-inserted\">\u00a0<\/p>\n<p>Un \u00ab\u00a0Ave Maria\u00a0\u00bb revisit\u00e9 entre lyrique et \u00e9lectronique<\/p>\n<p class=\"ng-star-inserted\">Baptis\u00e9e\u00a0<strong class=\"ng-star-inserted\">\u00ab\u00a0\u00c9l\u00e9vation\u00a0\u00bb<\/strong>, cette \u0153uvre originale de 12 minutes ne sera pas qu&rsquo;un simple jeu de lumi\u00e8res. C&rsquo;est une v\u00e9ritable composition musicale qui accompagnera les faisceaux.<\/p>\n<p class=\"ng-star-inserted\">Micha\u00ebl Canitrot a souhait\u00e9 marier tradition et modernit\u00e9 en retravaillant le c\u00e9l\u00e8bre <strong class=\"ng-star-inserted\">Ave Maria<\/strong>.\u00a0\u00ab\u00a0J&rsquo;ai commenc\u00e9 de fa\u00e7on tr\u00e8s classique pour monter ensuite vers des sonorit\u00e9s \u00e9lectroniques\u00a0\u00bb, explique-t-il. Pour incarner cette voix, il s&rsquo;est entour\u00e9 de talents locaux : la soprano marseillaise\u00a0<strong class=\"ng-star-inserted\">Melody Louledjian<\/strong>\u00a0et la chorale des\u00a0<strong class=\"ng-star-inserted\">Petits Chanteurs de la Major<\/strong>.\u00a0\u00ab\u00a0Melody a une voix magnifique, \u00e7a va porter l&rsquo;exp\u00e9rience encore plus haut\u00a0\u00bb, promet le cr\u00e9ateur.<\/p>\n<p class=\"ng-star-inserted\">\u00a0<\/p>\n<p>4 tableaux pour raconter l&rsquo;histoire de la Garde<\/p>\n<p class=\"ng-star-inserted\">Visuellement, le show a \u00e9t\u00e9 pens\u00e9 pour \u00eatre vu \u00e0 360 degr\u00e9s. Micha\u00ebl Canitrot d\u00e9taille les quatre temps forts qui rythmeront ces 12 minutes intenses :<\/p>\n<ol class=\"ng-star-inserted\">\n<li class=\"ng-star-inserted\">\n<p class=\"ng-star-inserted\"><strong class=\"ng-star-inserted\">Le lever de soleil : <\/strong>une\u00a0\u00e9vocation de l&rsquo;aube sur la ville.<\/p>\n<\/li>\n<li class=\"ng-star-inserted\">\n<p class=\"ng-star-inserted\"><strong class=\"ng-star-inserted\">Le lien avec la mer : <\/strong>un\u00a0tableau aux teintes turquoises rappelant la protection des marins.<\/p>\n<\/li>\n<li class=\"ng-star-inserted\">\n<p class=\"ng-star-inserted\"><strong>L&rsquo;\u00e9l\u00e9vation : <\/strong>des faisceaux verticaux puissants reliant la terre et le ciel.<\/p>\n<\/li>\n<li class=\"ng-star-inserted\">\n<p class=\"ng-star-inserted\"><strong class=\"ng-star-inserted\">Le Rayonnement : <\/strong>un\u00a0final \u00e9blouissant jouant sur les reflets dor\u00e9s de la statue restaur\u00e9e.<\/p>\n<\/li>\n<\/ol>\n<p class=\"ng-star-inserted\">\u00ab\u00a0C&rsquo;est un jeu de lumi\u00e8re dans les dor\u00e9s qui viendra illuminer toute la ville\u00a0\u00bb, pr\u00e9cise l&rsquo;artiste.<\/p>\n<p class=\"ng-star-inserted\">\u00a0<\/p>\n<p>Un moment d&rsquo;unit\u00e9 pour Marseille<\/p>\n<p class=\"ng-star-inserted\">Au-del\u00e0 de la prouesse technique, ce spectacle se veut un moment de communion.\u00a0\u00ab\u00a0C&rsquo;est un monument qui rassemble\u00a0\u00bb, rappelle Micha\u00ebl Canitrot.<\/p>\n<p class=\"ng-star-inserted\">Dimanche soir, \u00e0 18h30, il suffira de lever les yeux vers la colline pour assister \u00e0 cette renaissance. \u00ab\u00a0Les Marseillais pourront sortir la t\u00eate par la fen\u00eatre, ils verront quelque chose de tr\u00e8s lumineux\u00a0\u00bb, conclut-il. Une mani\u00e8re spectaculaire de dire \u00ab\u00a0bon retour\u00a0\u00bb \u00e0 celle qui veille sur la ville depuis 1870.<\/p>\n<p class=\"ng-star-inserted\">\u00a0<\/p>\n<p class=\"ng-star-inserted\"><img loading=\"lazy\" decoding=\"async\" src=\"https:\/\/ws.maritima.fr\/api\/images%2F1764750731922blob\" alt=\"\" width=\"600\" height=\"338\"\/><\/p>\n<p class=\"ng-star-inserted\">cr\u00e9dit photos Monumental Tour<\/p>\n","protected":false},"excerpt":{"rendered":"Elle est enfin d\u00e9barrass\u00e9e de ses \u00e9chafaudages et s&rsquo;appr\u00eate \u00e0 briller comme jamais. Ce dimanche soir, pour c\u00e9l\u00e9brer&hellip;\n","protected":false},"author":2,"featured_media":576894,"comment_status":"","ping_status":"","sticky":false,"template":"","format":"standard","meta":{"footnotes":""},"categories":[2814],"tags":[1111,11,45274,1777,674,1011,27,884,12,882,25,3140],"class_list":{"0":"post-576893","1":"post","2":"type-post","3":"status-publish","4":"format-standard","5":"has-post-thumbnail","7":"category-marseille","8":"tag-actu","9":"tag-actualites","10":"tag-bonne-mere","11":"tag-eu","12":"tag-europe","13":"tag-fr","14":"tag-france","15":"tag-marseille","16":"tag-news","17":"tag-provence-alpes-cote-dazur","18":"tag-republique-francaise","19":"tag-spectacle"},"share_on_mastodon":{"url":"https:\/\/pubeurope.com\/@fr\/115659729784676106","error":""},"_links":{"self":[{"href":"https:\/\/www.europesays.com\/fr\/wp-json\/wp\/v2\/posts\/576893","targetHints":{"allow":["GET"]}}],"collection":[{"href":"https:\/\/www.europesays.com\/fr\/wp-json\/wp\/v2\/posts"}],"about":[{"href":"https:\/\/www.europesays.com\/fr\/wp-json\/wp\/v2\/types\/post"}],"author":[{"embeddable":true,"href":"https:\/\/www.europesays.com\/fr\/wp-json\/wp\/v2\/users\/2"}],"replies":[{"embeddable":true,"href":"https:\/\/www.europesays.com\/fr\/wp-json\/wp\/v2\/comments?post=576893"}],"version-history":[{"count":0,"href":"https:\/\/www.europesays.com\/fr\/wp-json\/wp\/v2\/posts\/576893\/revisions"}],"wp:featuredmedia":[{"embeddable":true,"href":"https:\/\/www.europesays.com\/fr\/wp-json\/wp\/v2\/media\/576894"}],"wp:attachment":[{"href":"https:\/\/www.europesays.com\/fr\/wp-json\/wp\/v2\/media?parent=576893"}],"wp:term":[{"taxonomy":"category","embeddable":true,"href":"https:\/\/www.europesays.com\/fr\/wp-json\/wp\/v2\/categories?post=576893"},{"taxonomy":"post_tag","embeddable":true,"href":"https:\/\/www.europesays.com\/fr\/wp-json\/wp\/v2\/tags?post=576893"}],"curies":[{"name":"wp","href":"https:\/\/api.w.org\/{rel}","templated":true}]}}