{"id":576895,"date":"2025-12-04T05:49:25","date_gmt":"2025-12-04T05:49:25","guid":{"rendered":"https:\/\/www.europesays.com\/fr\/576895\/"},"modified":"2025-12-04T05:49:25","modified_gmt":"2025-12-04T05:49:25","slug":"le-cafe-simone-poursuit-son-tournant-a-lextreme-droite","status":"publish","type":"post","link":"https:\/\/www.europesays.com\/fr\/576895\/","title":{"rendered":"le caf\u00e9 Simone poursuit son tournant \u00e0 l&rsquo;extr\u00eame droite"},"content":{"rendered":"<p class=\"wp-block-post-excerpt__excerpt\">[Compl\u00e9ment d\u2019enqu\u00eate] Mardi 25 novembre, le caf\u00e9 culturel catholique le Simone, implant\u00e9 dans le 2\u1d49 arrondissement de Lyon, a accueilli la Cocarde, un syndicat \u00e9tudiant d\u2019extr\u00eame droite. Cette soir\u00e9e poursuit le glissement \u00e0 l\u2019extr\u00eame droite du caf\u00e9, dont Rue89Lyon avait document\u00e9 les pr\u00e9mices d\u00e9but 2025. <\/p>\n<p>Marie Allenou et Elian Delac\u00f4te<\/p>\n<p>Publi\u00e9 le 4 d\u00e9cembre 2025\u00a0\u00a0\u00b7\u00a0\u00a0<\/p>\n<p>Imprim\u00e9 le 4 d\u00e9cembre 2025 \u00e0 06h49\u00a0\u00a0\u00b7\u00a0\u00a0<\/p>\n<p>\t\t\t\t\t4\u00a0minutes\n<\/p>\n<p>Quelques pas de danse, du saucisson, de la bi\u00e8re, une conf\u00e9rence de Rodolphe Cart, <a href=\"https:\/\/www.streetpress.com\/sujet\/1718885128-rassemblement-national-bardella-candidat-elections-legislatives-gud-suppleant-rodolphe-cart\" target=\"_blank\" rel=\"noopener\">chouchou des milieux identitaires<\/a>\u2026 Le mardi 25 novembre, le caf\u00e9 culturel et catholique le Simone (Lyon\u00a02\u1d49) a accueilli dans ses locaux une soir\u00e9e priv\u00e9e du syndicat \u00e9tudiant d\u2019extr\u00eame droite la Cocarde.<\/p>\n<p>Des membres du Rassemblement national jeune \u00e9taient aussi pr\u00e9sents \u00e0 la soir\u00e9e, tout comme des \u00e9tudiants de l\u2019Issep, \u00e9cole priv\u00e9e de Marion Mar\u00e9chal-Le Pen, venus tenir un stand aux couleurs de l\u2019\u00e9tablissement pour l\u2019occasion.<\/p>\n<p>Si le Simone n\u2019a pas fait la publicit\u00e9 de cette soir\u00e9e, le lieu est clairement reconnaissable sur des publications Instagram de la Cocarde et de participants \u00e0 l\u2019\u00e9v\u00e8nement. <\/p>\n<p><img loading=\"lazy\" decoding=\"async\" width=\"2048\" height=\"1781\" src=\"https:\/\/www.europesays.com\/fr\/wp-content\/uploads\/2025\/06\/23-paywall.png\" alt=\"Abonnez-vous\" class=\"wp-image-207192\" style=\"aspect-ratio:1.149915777653004;width:237px;height:auto\"  \/><\/p>\n<p>Cet article fait partie de l\u2019\u00e9dition abonn\u00e9s. Pour lire la suite, profitez d\u2019une offre d\u00e9couverte \u00e0 1\u20ac. Contribuez \u00e0 consolider un m\u00e9dia ind\u00e9pendant \u00e0 Lyon, en capacit\u00e9 d\u2019enqu\u00eater sur les enjeux locaux.<\/p>\n<p>\t\t\t<a href=\"https:\/\/www.rue89lyon.fr\/\" class=\"custom-logo-link\" rel=\"home noopener\" target=\"_blank\"><img loading=\"lazy\" decoding=\"async\" width=\"290\" height=\"89\" src=\"https:\/\/www.europesays.com\/fr\/wp-content\/uploads\/2025\/04\/1745556146_356_logo.png\" class=\"custom-logo\" alt=\"Rue89Lyon Infos, enqu\u00eates \u00e0 Lyon et dans la r\u00e9gion\"  \/><\/a><\/p>\n<p>\n\t\t\t\tAbonnez-vous maintenant pour suivre l\u2019actualit\u00e9 locale.\t\t\t<\/p>\n<p class=\"font-bold font-serif-heading mb-2 text-4xl\">\n\t\t\t\t\t\tL\u2019investigation locale \u00e0 port\u00e9e de main.\n\t\t\t\t\t<\/p>\n<p>\n\t\t\t\t\t\tAbonnez-vous et profitez d\u2019un acc\u00e8s illimit\u00e9 \u00e0 Rue89 Lyon. Annulez quand vous voulez.\n\t\t\t\t\t<\/p>\n<p class=\"xl:text-sm\">\n\t\t\t\t\tD\u00e9j\u00e0 abonn\u00e9\u00a0?<br \/>\n\t\t\t\t\t<a class=\"border border-transparent text-center transition-colors duration-instant focus:border-info focus:rounded focus:shadow-focus cursor-pointer text-black hover:text-gray-700 active:bg-black-700 font-semibold inline-block\" href=\"https:\/\/www.rue89lyon.fr\/user\/login\/?redirect=\/2025\/12\/04\/soiree-cocarde-cafe-catho-simone-poursuit-tournant-extreme-droite\/\" target=\"_blank\" rel=\"noopener\">Connectez-vous<\/a>\t\t\t\t<\/p>\n<p>\n\t\t\t\tChoisissez votre formule\u00a0:\n\t\t\t<\/p>\n<p>\t\t\t\tFermer<\/p>\n","protected":false},"excerpt":{"rendered":"[Compl\u00e9ment d\u2019enqu\u00eate] Mardi 25 novembre, le caf\u00e9 culturel catholique le Simone, implant\u00e9 dans le 2\u1d49 arrondissement de Lyon,&hellip;\n","protected":false},"author":2,"featured_media":576896,"comment_status":"","ping_status":"","sticky":false,"template":"","format":"standard","meta":{"footnotes":""},"categories":[1889],"tags":[1111,11,2430,251,8305,1777,674,1076,1011,27,2428,12,4020,25],"class_list":{"0":"post-576895","1":"post","2":"type-post","3":"status-publish","4":"format-standard","5":"has-post-thumbnail","7":"category-lyon","8":"tag-actu","9":"tag-actualites","10":"tag-auvergne-rhone-alpes","11":"tag-culture","12":"tag-eglise-catholique","13":"tag-eu","14":"tag-europe","15":"tag-extreme-droite","16":"tag-fr","17":"tag-france","18":"tag-lyon","19":"tag-news","20":"tag-religion","21":"tag-republique-francaise"},"share_on_mastodon":{"url":"https:\/\/pubeurope.com\/@fr\/115659733655352747","error":""},"_links":{"self":[{"href":"https:\/\/www.europesays.com\/fr\/wp-json\/wp\/v2\/posts\/576895","targetHints":{"allow":["GET"]}}],"collection":[{"href":"https:\/\/www.europesays.com\/fr\/wp-json\/wp\/v2\/posts"}],"about":[{"href":"https:\/\/www.europesays.com\/fr\/wp-json\/wp\/v2\/types\/post"}],"author":[{"embeddable":true,"href":"https:\/\/www.europesays.com\/fr\/wp-json\/wp\/v2\/users\/2"}],"replies":[{"embeddable":true,"href":"https:\/\/www.europesays.com\/fr\/wp-json\/wp\/v2\/comments?post=576895"}],"version-history":[{"count":0,"href":"https:\/\/www.europesays.com\/fr\/wp-json\/wp\/v2\/posts\/576895\/revisions"}],"wp:featuredmedia":[{"embeddable":true,"href":"https:\/\/www.europesays.com\/fr\/wp-json\/wp\/v2\/media\/576896"}],"wp:attachment":[{"href":"https:\/\/www.europesays.com\/fr\/wp-json\/wp\/v2\/media?parent=576895"}],"wp:term":[{"taxonomy":"category","embeddable":true,"href":"https:\/\/www.europesays.com\/fr\/wp-json\/wp\/v2\/categories?post=576895"},{"taxonomy":"post_tag","embeddable":true,"href":"https:\/\/www.europesays.com\/fr\/wp-json\/wp\/v2\/tags?post=576895"}],"curies":[{"name":"wp","href":"https:\/\/api.w.org\/{rel}","templated":true}]}}