{"id":576897,"date":"2025-12-04T05:50:17","date_gmt":"2025-12-04T05:50:17","guid":{"rendered":"https:\/\/www.europesays.com\/fr\/576897\/"},"modified":"2025-12-04T05:50:17","modified_gmt":"2025-12-04T05:50:17","slug":"videos-fete-des-lumieres-a-lyon-decouvrez-les-premieres-illuminations","status":"publish","type":"post","link":"https:\/\/www.europesays.com\/fr\/576897\/","title":{"rendered":"[VID\u00c9OS] F\u00eate des Lumi\u00e8res \u00e0 Lyon : d\u00e9couvrez les premi\u00e8res illuminations !"},"content":{"rendered":"<p>Les premi\u00e8res illuminations de la F\u00eate des Lumi\u00e8res ont \u00e9t\u00e9 aper\u00e7ues \u00e0 Lyon ce mercredi 3 d\u00e9cembre, \u00e0 deux jours du coup d&rsquo;envoi officiel de l&rsquo;\u00e9dition 2025.<\/p>\n<p>Ce mercredi soir, les Lyonnais ont eu la belle surprise d&rsquo;assister aux premi\u00e8res r\u00e9p\u00e9titions de la<b> F\u00eate des Lumi\u00e8res 2025 \u00e0 Lyon<\/b> !\u00a0<\/p>\n<p>L&rsquo;oeuvre <b>\u00ab\u00a0Lumina\u00a0\u00bb<\/b> a magnifi\u00e9 la <b>cath\u00e9drale Saint-Jean<\/b>, dans le <b>Vieux-Lyon<\/b>.\u00a0<\/p>\n<p>F\u00eate des Lumi\u00e8res \u00e0 Lyon : ambiance \u00ab\u00a0Stranger Things\u00a0\u00bb place Sathonay<\/p>\n<p>Un peu plus loin, <b>place Sathonay,<\/b> l&rsquo;ambiance Netflix et la s\u00e9rie<b> \u00ab\u00a0Stranger Things\u00a0\u00bb<\/b> s&rsquo;est invit\u00e9e parmi les riverains et les badauds.\u00a0<\/p>\n<p>Au total, <a class=\"url\" href=\"https:\/\/www.radioscoop.com\/infos.php?id=341375&amp;z=search\" target=\"_blank\" rel=\"noopener\">23 oeuvres seront pr\u00e9sent\u00e9es cette ann\u00e9e<\/a>, avec aussi <a class=\"url\" href=\"https:\/\/www.radioscoop.com\/infos.php?id=341283&amp;z=search\" target=\"_blank\" rel=\"noopener\">un spectacle de drones au parc de la T\u00eate d&rsquo;Or.\u00a0<\/a><\/p>\n<p>Pour en profiter pleinement, rendez-vous \u00e0 partir de ce vendredi 5 d\u00e9cembre, jusqu&rsquo;au lundi 8.<\/p>\n<p><img loading=\"lazy\" decoding=\"async\" src=\"https:\/\/www.europesays.com\/fr\/wp-content\/uploads\/2025\/12\/1764827417_800_img\" width=\"350\" height=\"200\" border=\"0\" title=\"Radio SCOOP Explore, le podcast de la r\u00c3\u00a9daction.\"\/><\/p>\n<p>\u25baCulture<\/p>\n<p style=\"font-size: 22px;\"><b>Radio SCOOP Explore, \u00e9pisode 14 : \u00ab\u00a0Dans les coulisses de la F\u00eate des Lumi\u00e8res\u00a0\u00bb<\/b><\/p>\n<p>Chaque semaine, dans le podcast Radio SCOOP Explore,&#8230;<\/p>\n<p><\/p>\n","protected":false},"excerpt":{"rendered":"Les premi\u00e8res illuminations de la F\u00eate des Lumi\u00e8res ont \u00e9t\u00e9 aper\u00e7ues \u00e0 Lyon ce mercredi 3 d\u00e9cembre, \u00e0&hellip;\n","protected":false},"author":2,"featured_media":576898,"comment_status":"","ping_status":"","sticky":false,"template":"","format":"standard","meta":{"footnotes":""},"categories":[1889],"tags":[48983,1111,11,2430,69126,564,1777,674,69125,1011,27,55985,69128,2428,127,12,69127,25,19536,69129,5287],"class_list":{"0":"post-576897","1":"post","2":"type-post","3":"status-publish","4":"format-standard","5":"has-post-thumbnail","7":"category-lyon","8":"tag-vnement","9":"tag-actu","10":"tag-actualites","11":"tag-auvergne-rhone-alpes","12":"tag-cathdrale-saint-jean","13":"tag-drone","14":"tag-eu","15":"tag-europe","16":"tag-fte-des-lumires","17":"tag-fr","18":"tag-france","19":"tag-illuminations","20":"tag-lumina","21":"tag-lyon","22":"tag-netflix","23":"tag-news","24":"tag-place-sathonay","25":"tag-republique-francaise","26":"tag-stranger-things","27":"tag-tte-dor","28":"tag-vieux-lyon"},"share_on_mastodon":{"url":"https:\/\/pubeurope.com\/@fr\/115659736722975490","error":""},"_links":{"self":[{"href":"https:\/\/www.europesays.com\/fr\/wp-json\/wp\/v2\/posts\/576897","targetHints":{"allow":["GET"]}}],"collection":[{"href":"https:\/\/www.europesays.com\/fr\/wp-json\/wp\/v2\/posts"}],"about":[{"href":"https:\/\/www.europesays.com\/fr\/wp-json\/wp\/v2\/types\/post"}],"author":[{"embeddable":true,"href":"https:\/\/www.europesays.com\/fr\/wp-json\/wp\/v2\/users\/2"}],"replies":[{"embeddable":true,"href":"https:\/\/www.europesays.com\/fr\/wp-json\/wp\/v2\/comments?post=576897"}],"version-history":[{"count":0,"href":"https:\/\/www.europesays.com\/fr\/wp-json\/wp\/v2\/posts\/576897\/revisions"}],"wp:featuredmedia":[{"embeddable":true,"href":"https:\/\/www.europesays.com\/fr\/wp-json\/wp\/v2\/media\/576898"}],"wp:attachment":[{"href":"https:\/\/www.europesays.com\/fr\/wp-json\/wp\/v2\/media?parent=576897"}],"wp:term":[{"taxonomy":"category","embeddable":true,"href":"https:\/\/www.europesays.com\/fr\/wp-json\/wp\/v2\/categories?post=576897"},{"taxonomy":"post_tag","embeddable":true,"href":"https:\/\/www.europesays.com\/fr\/wp-json\/wp\/v2\/tags?post=576897"}],"curies":[{"name":"wp","href":"https:\/\/api.w.org\/{rel}","templated":true}]}}