{"id":576903,"date":"2025-12-04T05:54:11","date_gmt":"2025-12-04T05:54:11","guid":{"rendered":"https:\/\/www.europesays.com\/fr\/576903\/"},"modified":"2025-12-04T05:54:11","modified_gmt":"2025-12-04T05:54:11","slug":"ligue-des-champions-j10-le-psg-surclasse-par-le-barca-sports","status":"publish","type":"post","link":"https:\/\/www.europesays.com\/fr\/576903\/","title":{"rendered":"Ligue des champions (J10) : Le PSG surclass\u00e9 par le Bar\u00e7a : Sports"},"content":{"rendered":"<p class=\"date\">\n                                                            Faraj Benlahoucine, Media365, publi\u00e9 le mercredi 03 d\u00e9cembre 2025 \u00e0 22h33\n                                                    <\/p>\n<p>Malgr\u00e9 un Elohim Prandi en \u00e9tat de gr\u00e2ce, le PSG s&rsquo;est logiquement inclin\u00e9 face au Bar\u00e7a (38-33) dans le cadre de la 10e journ\u00e9e de la Ligue des champions.<\/p>\n<p>Intraitable en Liqui Moly Starligue dont il est l&rsquo;incontestable leader, le PSG souffre en revanche le martyr sur la sc\u00e8ne europ\u00e9enne. En Ligue des champions, les champions de France n&rsquo;ont d\u00e9croch\u00e9 que trois succ\u00e8s en huit rencontres. Un bilan bien maigre que le club de la capitale n&rsquo;a pas r\u00e9ussi \u00e0 am\u00e9liorer ce mercredi dans le cadre de la 10e journ\u00e9e du groupe B au Palau Blaugrana, l&rsquo;antre du Bar\u00e7a. Rapidement d\u00e9croch\u00e9s, men\u00e9s 15-8 au quart d&rsquo;heure de jeu, les Parisiens n&rsquo;ont jamais r\u00e9ussi \u00e0 combler leur retard trop cons\u00e9quent (38-33).<\/p>\n<p>Mem, N&rsquo;Guessan et Fabregas ont fait mal au PSG<\/p>\n<p>Le score de 26-16 \u00e0 la mi-temps n&rsquo;a laiss\u00e9 que tr\u00e8s peu de place au doute bien que le PSG a montr\u00e9 un meilleur visage en seconde p\u00e9riode. Elohim Prandi, impressionnant avec 14 buts et une activit\u00e9 hors-norme, n&rsquo;a pas suffi. Yahia Omar non plus. L&rsquo;Egyptien a pour sa part inscrit 8 buts sur 10 tentatives. En face, les trois Fran\u00e7ais du Bar\u00e7a ont fait mal aux hommes de Stefan Madsen. Dika Mem a trouv\u00e9 par huit fois le chemin des filets. Timothey N&rsquo;Guessan et Ludovic Fabregas ont quant \u00e0 eux trouv\u00e9 la faille quatre fois chacun.<\/p>\n<p>Leader provisoire du groupe B de la Ligue des champions, le Bar\u00e7a a encha\u00een\u00e9 une huiti\u00e8me victoire d&rsquo;affil\u00e9e. Une dynamique diam\u00e9tralement oppos\u00e9e \u00e0 celle des Rouge et Bleu qui n&rsquo;ont triomph\u00e9 qu&rsquo;une seule fois lors de leurs cinq derni\u00e8res sorties continentales. Class\u00e9s 5e avec 6 points, les Parisiens ne sont pas pour autant \u00e9cart\u00e9s de la phase finale. Il reste quatre matchs et il faut figurer parmi les six premiers de la poule pour rallier les 8es de finale. Cette fin de parcours passera par un d\u00e9placement \u00e0 Zagreb, la lanterne rouge du groupe B, au mois de f\u00e9vrier.<\/p>\n","protected":false},"excerpt":{"rendered":"Faraj Benlahoucine, Media365, publi\u00e9 le mercredi 03 d\u00e9cembre 2025 \u00e0 22h33 Malgr\u00e9 un Elohim Prandi en \u00e9tat de&hellip;\n","protected":false},"author":2,"featured_media":576904,"comment_status":"","ping_status":"","sticky":false,"template":"","format":"standard","meta":{"footnotes":""},"categories":[1888],"tags":[1111,1928,11,1927,1777,674,1011,27,12,1926,626,1925,25],"class_list":{"0":"post-576903","1":"post","2":"type-post","3":"status-publish","4":"format-standard","5":"has-post-thumbnail","7":"category-paris","8":"tag-actu","9":"tag-actu-paris","10":"tag-actualites","11":"tag-actualites-paris","12":"tag-eu","13":"tag-europe","14":"tag-fr","15":"tag-france","16":"tag-news","17":"tag-news-paris","18":"tag-paris","19":"tag-paris-news","20":"tag-republique-francaise"},"share_on_mastodon":{"url":"https:\/\/pubeurope.com\/@fr\/115659752415852160","error":""},"_links":{"self":[{"href":"https:\/\/www.europesays.com\/fr\/wp-json\/wp\/v2\/posts\/576903","targetHints":{"allow":["GET"]}}],"collection":[{"href":"https:\/\/www.europesays.com\/fr\/wp-json\/wp\/v2\/posts"}],"about":[{"href":"https:\/\/www.europesays.com\/fr\/wp-json\/wp\/v2\/types\/post"}],"author":[{"embeddable":true,"href":"https:\/\/www.europesays.com\/fr\/wp-json\/wp\/v2\/users\/2"}],"replies":[{"embeddable":true,"href":"https:\/\/www.europesays.com\/fr\/wp-json\/wp\/v2\/comments?post=576903"}],"version-history":[{"count":0,"href":"https:\/\/www.europesays.com\/fr\/wp-json\/wp\/v2\/posts\/576903\/revisions"}],"wp:featuredmedia":[{"embeddable":true,"href":"https:\/\/www.europesays.com\/fr\/wp-json\/wp\/v2\/media\/576904"}],"wp:attachment":[{"href":"https:\/\/www.europesays.com\/fr\/wp-json\/wp\/v2\/media?parent=576903"}],"wp:term":[{"taxonomy":"category","embeddable":true,"href":"https:\/\/www.europesays.com\/fr\/wp-json\/wp\/v2\/categories?post=576903"},{"taxonomy":"post_tag","embeddable":true,"href":"https:\/\/www.europesays.com\/fr\/wp-json\/wp\/v2\/tags?post=576903"}],"curies":[{"name":"wp","href":"https:\/\/api.w.org\/{rel}","templated":true}]}}