{"id":576917,"date":"2025-12-04T06:02:25","date_gmt":"2025-12-04T06:02:25","guid":{"rendered":"https:\/\/www.europesays.com\/fr\/576917\/"},"modified":"2025-12-04T06:02:25","modified_gmt":"2025-12-04T06:02:25","slug":"allemagne-ukraine-une-visite-deurodeputes-en-ukraine-annulee-a-cause-dun-elu-dextreme-droite","status":"publish","type":"post","link":"https:\/\/www.europesays.com\/fr\/576917\/","title":{"rendered":"Allemagne\/Ukraine \u2022 Une visite d&rsquo;eurod\u00e9put\u00e9s en Ukraine annul\u00e9e \u00e0 cause d&rsquo;un \u00e9lu d&rsquo;extr\u00eame droite"},"content":{"rendered":"<p><b>Intelligence Online<\/b> utilise des cookies lors de votre visite, pour assurer le bon fonctionnement de ce site, mesurer et analyser l&rsquo;audience et fournir un support utilisateur.<\/p>\n<p>\u00c0 l&rsquo;exception des cookies n\u00e9cessaires au bon fonctionnement du site, vous pouvez librement donner ou non votre accord au d\u00e9p\u00f4t de cookies.<\/p>\n<p>Cliquez sur \u00ab\u00a0Accepter et fermer\u00a0\u00bb pour consentir \u00e0 l&rsquo;ensemble des cookies, ou sur \u00ab\u00a0Param\u00e9trer mes choix\u00a0\u00bb pour les personnaliser. Vous pouvez \u00e0 tout moment modifier vos pr\u00e9f\u00e9rences en consultant notre page <a href=\"https:\/\/www.intelligenceonline.fr\/info\/cookies_informations\" target=\"_blank\" rel=\"noopener\"> <b>Gestion des cookies<\/b><\/a>.<\/p>\n","protected":false},"excerpt":{"rendered":"Intelligence Online utilise des cookies lors de votre visite, pour assurer le bon fonctionnement de ce site, mesurer&hellip;\n","protected":false},"author":2,"featured_media":576918,"comment_status":"","ping_status":"","sticky":false,"template":"","format":"standard","meta":{"footnotes":""},"categories":[1587],"tags":[11,672,1804,1805,1803,1777,674,1801,12,1802],"class_list":{"0":"post-576917","1":"post","2":"type-post","3":"status-publish","4":"format-standard","5":"has-post-thumbnail","7":"category-allemagne","8":"tag-actualites","9":"tag-allemagne","10":"tag-bundesrepublik-deutschland","11":"tag-de","12":"tag-deutschland","13":"tag-eu","14":"tag-europe","15":"tag-germany","16":"tag-news","17":"tag-republique-federale-dallemagne"},"share_on_mastodon":{"url":"https:\/\/pubeurope.com\/@fr\/115659783877907880","error":""},"_links":{"self":[{"href":"https:\/\/www.europesays.com\/fr\/wp-json\/wp\/v2\/posts\/576917","targetHints":{"allow":["GET"]}}],"collection":[{"href":"https:\/\/www.europesays.com\/fr\/wp-json\/wp\/v2\/posts"}],"about":[{"href":"https:\/\/www.europesays.com\/fr\/wp-json\/wp\/v2\/types\/post"}],"author":[{"embeddable":true,"href":"https:\/\/www.europesays.com\/fr\/wp-json\/wp\/v2\/users\/2"}],"replies":[{"embeddable":true,"href":"https:\/\/www.europesays.com\/fr\/wp-json\/wp\/v2\/comments?post=576917"}],"version-history":[{"count":0,"href":"https:\/\/www.europesays.com\/fr\/wp-json\/wp\/v2\/posts\/576917\/revisions"}],"wp:featuredmedia":[{"embeddable":true,"href":"https:\/\/www.europesays.com\/fr\/wp-json\/wp\/v2\/media\/576918"}],"wp:attachment":[{"href":"https:\/\/www.europesays.com\/fr\/wp-json\/wp\/v2\/media?parent=576917"}],"wp:term":[{"taxonomy":"category","embeddable":true,"href":"https:\/\/www.europesays.com\/fr\/wp-json\/wp\/v2\/categories?post=576917"},{"taxonomy":"post_tag","embeddable":true,"href":"https:\/\/www.europesays.com\/fr\/wp-json\/wp\/v2\/tags?post=576917"}],"curies":[{"name":"wp","href":"https:\/\/api.w.org\/{rel}","templated":true}]}}