{"id":576923,"date":"2025-12-04T06:05:13","date_gmt":"2025-12-04T06:05:13","guid":{"rendered":"https:\/\/www.europesays.com\/fr\/576923\/"},"modified":"2025-12-04T06:05:13","modified_gmt":"2025-12-04T06:05:13","slug":"chine-debut-de-la-rencontre-entre-emmanuel-macron-et-xi-jinping-a-pekin-le-figaro","status":"publish","type":"post","link":"https:\/\/www.europesays.com\/fr\/576923\/","title":{"rendered":"Chine : d\u00e9but de la rencontre entre Emmanuel Macron et Xi Jinping \u00e0 P\u00e9kin &#8211; Le Figaro"},"content":{"rendered":"<ol>\n<li><a href=\"https:\/\/news.google.com\/rss\/articles\/CBMiugFBVV95cUxNelRnMkFlclVQSmU2SXZLLXVVMjJIVXNfM0NaY1ZfYzh6V21nRUd2TFRmTVpiZmI5VDRZbi1CN0pRMFVBSzVnbkdzeVVLWjF3OWdXbUFEVTFQTVdIN09ZSkhxYzVnbTU0NmdDUDRzYkJWNUY3X3N5TUF6R2lLRjZFdTZRWjdBWmNyeW9JZ1NmQldnQmZHS1Bpb19ubTBwTmY5QV80TVEySWpTZldTY2g1QUhfdkJNN2pLRFE?oc=5\" target=\"_blank\" rel=\"noopener\">Chine : d\u00e9but de la rencontre entre Emmanuel Macron et Xi Jinping \u00e0 P\u00e9kin<\/a>&nbsp;&nbsp;Le Figaro<\/li>\n<li><a href=\"https:\/\/news.google.com\/rss\/articles\/CBMilwJBVV95cUxPNjVCS1c3QnZzd3RLNTJlNWZrTmxpYXY4T3ktazhpNjNKRVpCMEdscmkxaV9GU0NSRkI0UWxMM1FOSERUSS1TWUZURTZiazd2bzBjZWVFaFFkRm8tTW1DLXFiZk5MRk5WWXd0WlVGay1kVHQzMk9oN3JGaHBlSERTZmY4VWhwYnV1WE5maUY0VjhXZllXdG9BVEdpbncyQWk1elZXMFMxcEhoWWlhYkczZVFYLUMxbnBHQkZ5SlJ4TEp0cUk4aUU3TzFscE5qcmxyOUpBSzdlMFJyQ1FmOXhreWVlWHRTYW9Qc29GbVR5M25OV3E4ZGxPak9lMGpGREZYdVJSMjk0bVRNMkF2aGRiWWN4T1dCRmc?oc=5\" target=\"_blank\" rel=\"noopener\">EN DIRECT, guerre en Ukraine : Emmanuel Macron juge la coop\u00e9ration avec la Chine \u00ab d\u00e9terminante \u00bb pour mettre fin au conflit<\/a>&nbsp;&nbsp;Le Monde.fr<\/li>\n<li><a href=\"https:\/\/news.google.com\/rss\/articles\/CBMiiwJBVV95cUxQODRtZXdYeDMxcE1FSGlfYWpySHNKZ3o5WTJ1WjJ4a3RwWVNWaS1EekI1MHpJWWdQRHVVSDBqLTZKdG1CVnZad2tubUVlLWliQU5NYnR0aFZON0hqUWtONFNYakpwRjRVU3ZKZ3FYMGRtUnpGN2FPaHF2VXBMNU8wazN5N2xNdm5HNXB5QjM0d3NmOExCbWg3UjFMUG5nMFViU1NoNGI5V2FLcFh1bXFDMVlsMDZTOUxlMTJJSWQ0Y3JPbGdPWjZ6eFY3NWdrdVA3c2FfUXAtM3lHcG1mYmtLOWlXdmM4ZC1Wb3Q5ZXEzOFY3aHh5a0IydktlSGFXYlNrMDc0SFo0SXh4ZHM?oc=5\" target=\"_blank\" rel=\"noopener\">Ukraine: Emmanuel Macron juge \u00ab\u00a0d\u00e9terminante\u00a0\u00bb la capacit\u00e9 \u00e0 coop\u00e9rer avec la Chine pour mettre fin \u00e0 la guerre<\/a>&nbsp;&nbsp;BFM<\/li>\n<li><a href=\"https:\/\/news.google.com\/rss\/articles\/CBMigAJBVV95cUxORl95QXlfem5GX1UzUlRrYzA5YU41ejdhMGk4QU42M2pHbTRVMndha19CRjJuZ3BQdnN4YUlWLU1sbVZ0WEw4Ny1GMUhJRk5DcUVZakVwYm1mZHNOb2hPOHIxdzFVZXU1c2E5VEV2ZWxySW16Vk9lakFFS1AxWlVpRDZiQVF1U1hLQzJFQXFDb2JnUGVWdXY0N0dTdTBPMnY0T2E4b3B0RlZBS2FJLTFkUW9TRWNBSHR3MWFVOGpmVlRUTFhZWlFfZFR4bV9jS1A4NVVqQmhja0c0Z3FlM0VBQWduS0JWcG5nTjB3b0lESFJsZTRZdVl0cXRKREFGZTc0?oc=5\" target=\"_blank\" rel=\"noopener\">Guerre en Ukraine, G7, \u00abinvestissements crois\u00e9s\u00bb&#8230; Ce qu\u2019il faut retenir des premiers \u00e9changes entre Emmanuel Macron et Xi Jinping<\/a>&nbsp;&nbsp;Le Figaro<\/li>\n<li><a href=\"https:\/\/news.google.com\/rss\/articles\/CBMi1AFBVV95cUxOYlktTEhWdS1HT0ZoZGVfSS16aWFmOGlBMlRITTVaaTBwaE5XcGJmQnp4S1JIWEhIWG1pMFQxTThjVWVPa0J3aGx1Umk1VEFDX2NjLTdlcTVrUFJPSTdHUUlmR1l3SkZsbGRCSHhRWkxCY01qZllFZUxLekxpNENucmdoVFBtNnUtVlZjMGJoRDVjN0hhOXp3QmdPcWpqZjgwNHo4S3Bza1BQWUg2emp4OGY0NnBfZmJtYTUxM3c0amY3dE1QYXFHWmFURkh5OUJuaEVRWA?oc=5\" target=\"_blank\" rel=\"noopener\">EN DIRECT Guerre en Ukraine : Macron insiste aupr\u00e8s de Xi sur l\u2019importance de la Chine pour mettre fin au conflit\u2026<\/a>&nbsp;&nbsp;20 Minutes<\/li>\n<\/ol>\n","protected":false},"excerpt":{"rendered":"Chine : d\u00e9but de la rencontre entre Emmanuel Macron et Xi Jinping \u00e0 P\u00e9kin&nbsp;&nbsp;Le Figaro EN DIRECT, guerre&hellip;\n","protected":false},"author":2,"featured_media":576924,"comment_status":"","ping_status":"","sticky":false,"template":"","format":"standard","meta":{"footnotes":""},"categories":[2],"tags":[11,1073,1011,27,12,25,7084],"class_list":{"0":"post-576923","1":"post","2":"type-post","3":"status-publish","4":"format-standard","5":"has-post-thumbnail","7":"category-actualites","8":"tag-actualites","9":"tag-emmanuel-macron","10":"tag-fr","11":"tag-france","12":"tag-news","13":"tag-republique-francaise","14":"tag-xi-jinping"},"share_on_mastodon":{"url":"https:\/\/pubeurope.com\/@fr\/115659795573734166","error":""},"_links":{"self":[{"href":"https:\/\/www.europesays.com\/fr\/wp-json\/wp\/v2\/posts\/576923","targetHints":{"allow":["GET"]}}],"collection":[{"href":"https:\/\/www.europesays.com\/fr\/wp-json\/wp\/v2\/posts"}],"about":[{"href":"https:\/\/www.europesays.com\/fr\/wp-json\/wp\/v2\/types\/post"}],"author":[{"embeddable":true,"href":"https:\/\/www.europesays.com\/fr\/wp-json\/wp\/v2\/users\/2"}],"replies":[{"embeddable":true,"href":"https:\/\/www.europesays.com\/fr\/wp-json\/wp\/v2\/comments?post=576923"}],"version-history":[{"count":0,"href":"https:\/\/www.europesays.com\/fr\/wp-json\/wp\/v2\/posts\/576923\/revisions"}],"wp:featuredmedia":[{"embeddable":true,"href":"https:\/\/www.europesays.com\/fr\/wp-json\/wp\/v2\/media\/576924"}],"wp:attachment":[{"href":"https:\/\/www.europesays.com\/fr\/wp-json\/wp\/v2\/media?parent=576923"}],"wp:term":[{"taxonomy":"category","embeddable":true,"href":"https:\/\/www.europesays.com\/fr\/wp-json\/wp\/v2\/categories?post=576923"},{"taxonomy":"post_tag","embeddable":true,"href":"https:\/\/www.europesays.com\/fr\/wp-json\/wp\/v2\/tags?post=576923"}],"curies":[{"name":"wp","href":"https:\/\/api.w.org\/{rel}","templated":true}]}}