{"id":576925,"date":"2025-12-04T06:06:24","date_gmt":"2025-12-04T06:06:24","guid":{"rendered":"https:\/\/www.europesays.com\/fr\/576925\/"},"modified":"2025-12-04T06:06:24","modified_gmt":"2025-12-04T06:06:24","slug":"a-lassemblee-la-mission-impossible-de-sebastien-lecornu-sur-le-budget-de-la-secu","status":"publish","type":"post","link":"https:\/\/www.europesays.com\/fr\/576925\/","title":{"rendered":"\u00e0 l\u2019Assembl\u00e9e, la \u00abmission impossible\u00bb de S\u00e9bastien Lecornu sur le budget de la S\u00e9cu"},"content":{"rendered":"<p>\n    <strong>R\u00c9CIT &#8211;<\/strong> Honni par le RN et par une large majorit\u00e9 de la gauche, rejet\u00e9 par la droite LR et Horizons, le projet de loi de financement de la S\u00e9curit\u00e9 sociale (PLFSS) d\u00e9battu au Palais Bourbon semble \u00eatre dans une impasse inextricable.<\/p>\n<p class=\"fig-paragraph\">\u00ab\u00a0<a href=\"http:\/\/www.lefigaro.fr\/vox\/politique\/candidats-refuges-raphael-glucksmann-et-edouard-philippe-sont-ils-les-nouveaux-alain-juppe-20251121\" data-fig-type=\"Article\" data-gtm-custom-categorie=\"navigation\" data-gtm-custom-action=\"crossclick\" data-gtm-custom-label=\"Contextuel\" data-gtm-event=\"customEventSPE\" data-fig-domain=\"LEFIGARO\" target=\"_blank\" rel=\"noopener\">\u00c9douard Philippe<\/a> \u00a0a pli\u00e9 le \u201cgame\u201d.\u00a0\u00bb Le message est laconique. Il est envoy\u00e9 par un cadre du groupe Renaissance \u00e0 l\u2019Assembl\u00e9e nationale. Et il refl\u00e8te parfaitement l\u2019\u00e9tat d\u2019esprit qui anime, depuis mardi matin, les trav\u00e9es du Palais Bourbon. En annon\u00e7ant, lors de la r\u00e9union des d\u00e9put\u00e9s Horizons, qu\u2019il \u00ab\u00a0est impossible de voter pour\u00a0\u00bb le projet de loi de financement de la S\u00e9curit\u00e9 sociale (PLFSS) et, qu\u2019\u00ab\u00a0en l\u2019\u00e9tat\u00a0\u00bb, ses d\u00e9put\u00e9s s\u2019abstiendraient ou voteraient contre, l\u2019ancien premier ministre a mis l\u2019H\u00e9micycle et le gouvernement sens dessus dessous. \u00ab\u00a0\u00c7a sent tr\u00e8s mauvais, c\u2019est mission impossible\u00a0\u00bb, s\u2019alarme un ministre, pendant qu\u2019un d\u00e9put\u00e9 socialiste, l\u00e2che, d\u00e9prim\u00e9\u00a0: \u00ab\u00a0C\u2019est chaud\u2026 Si m\u00eame\u00a0<a href=\"http:\/\/www.lefigaro.fr\/politique\/budget-de-la-secu-on-ne-peut-pas-voter-pour-affirme-edouard-philippe-le-patron-d-horizons-20251202\" data-fig-type=\"NewsFlash\" data-gtm-custom-categorie=\"navigation\" data-gtm-custom-action=\"crossclick\" data-gtm-custom-label=\"Contextuel\" data-gtm-event=\"customEventSPE\" data-fig-domain=\"LEFIGARO\" target=\"_blank\" rel=\"noopener\">Horizons\u00a0<\/a> n\u2019est pas foutu de voter pour, alors qu\u2019ils sont au gouvernement, je ne vois pas comment nous allons, nous, pouvoir soutenir ce texte\u00a0\u00bb.<\/p>\n<p class=\"fig-paragraph\">Apr\u00e8s le toilettage m\u00e9thodique du S\u00e9nat, qui a retir\u00e9 la suspension de la r\u00e9forme des retraites et toutes les taxes vot\u00e9es\u2026<\/p>\n<p class=\"fig-premium-paywall__infos\">\n        Cet article est r\u00e9serv\u00e9 aux abonn\u00e9s.        Il vous reste 83% \u00e0 d\u00e9couvrir.\n    <\/p>\n<p>                <img  data- alt=\"Le Figaro\" class=\"fig-img--complete fig-img\"\/><\/p>\n<p class=\"fig-premium-paywall__title\">Vous avez envie de lire la suite ?<\/p>\n<p class=\"fig-premium-paywall__subtitle\">D\u00e9bloquez tous les articles imm\u00e9diatement.<\/p>\n<p class=\"fig-premium-paywall__connect\">\n                D\u00e9j\u00e0 abonn\u00e9\u00a0?                <a class=\"fig-premium-paywall__connect-link\" href=\"https:\/\/connect.lefigaro.fr\/login?client=horizon_web&amp;type=main&amp;redirect_uri=https%3A%2F%2Fwww.lefigaro.fr%2Fpolitique%2Fca-sent-tres-mauvais-a-l-assemblee-la-mission-impossible-de-sebastien-lecornu-sur-le-budget-de-la-secu-20251203\" data-js-gtm=\"{&quot;customCategorie&quot;: &quot;conversion&quot;, &quot;customAction&quot;: &quot;before_Landing_Connexion_paywall_auto&quot;, &quot;customLabel&quot;: &quot;bGVmaWdhcm8uZnJfXzFmMGQwMmY5LTRjYjEtNjZjNC1iYWZiLTIzNzNlZDZkYzg0OV9fQXJ0aWNsZQ==_\u00ab\u00c7a sent tr\u00e8s mauvais\u00bb\u00a0: \u00e0 l\u2019Assembl\u00e9e, la \u00abmission impossible\u00bb de S\u00e9bastien Lecornu sur le budget de la S\u00e9cu_118&quot;, &quot;customIDSPE&quot;: &quot;bGVmaWdhcm8uZnJfXzFmMGQwMmY5LTRjYjEtNjZjNC1iYWZiLTIzNzNlZDZkYzg0OV9fQXJ0aWNsZQ==&quot;, &quot;event&quot;: &quot;customEventSPE&quot;}\" target=\"_blank\" rel=\"noopener\"><br \/>\n                    Connectez-vous<br \/>\n                <\/a>\n            <\/p>\n","protected":false},"excerpt":{"rendered":"R\u00c9CIT &#8211; Honni par le RN et par une large majorit\u00e9 de la gauche, rejet\u00e9 par la droite&hellip;\n","protected":false},"author":2,"featured_media":576926,"comment_status":"","ping_status":"","sticky":false,"template":"","format":"standard","meta":{"footnotes":""},"categories":[2],"tags":[11,416,1003,1011,27,12,25,11067],"class_list":{"0":"post-576925","1":"post","2":"type-post","3":"status-publish","4":"format-standard","5":"has-post-thumbnail","7":"category-actualites","8":"tag-actualites","9":"tag-assemblee-nationale","10":"tag-budget","11":"tag-fr","12":"tag-france","13":"tag-news","14":"tag-republique-francaise","15":"tag-sebastien-lecornu"},"share_on_mastodon":{"url":"https:\/\/pubeurope.com\/@fr\/115659799541148603","error":""},"_links":{"self":[{"href":"https:\/\/www.europesays.com\/fr\/wp-json\/wp\/v2\/posts\/576925","targetHints":{"allow":["GET"]}}],"collection":[{"href":"https:\/\/www.europesays.com\/fr\/wp-json\/wp\/v2\/posts"}],"about":[{"href":"https:\/\/www.europesays.com\/fr\/wp-json\/wp\/v2\/types\/post"}],"author":[{"embeddable":true,"href":"https:\/\/www.europesays.com\/fr\/wp-json\/wp\/v2\/users\/2"}],"replies":[{"embeddable":true,"href":"https:\/\/www.europesays.com\/fr\/wp-json\/wp\/v2\/comments?post=576925"}],"version-history":[{"count":0,"href":"https:\/\/www.europesays.com\/fr\/wp-json\/wp\/v2\/posts\/576925\/revisions"}],"wp:featuredmedia":[{"embeddable":true,"href":"https:\/\/www.europesays.com\/fr\/wp-json\/wp\/v2\/media\/576926"}],"wp:attachment":[{"href":"https:\/\/www.europesays.com\/fr\/wp-json\/wp\/v2\/media?parent=576925"}],"wp:term":[{"taxonomy":"category","embeddable":true,"href":"https:\/\/www.europesays.com\/fr\/wp-json\/wp\/v2\/categories?post=576925"},{"taxonomy":"post_tag","embeddable":true,"href":"https:\/\/www.europesays.com\/fr\/wp-json\/wp\/v2\/tags?post=576925"}],"curies":[{"name":"wp","href":"https:\/\/api.w.org\/{rel}","templated":true}]}}