{"id":576929,"date":"2025-12-04T06:11:28","date_gmt":"2025-12-04T06:11:28","guid":{"rendered":"https:\/\/www.europesays.com\/fr\/576929\/"},"modified":"2025-12-04T06:11:28","modified_gmt":"2025-12-04T06:11:28","slug":"rugby-a-xiii-toby-sexton-de-retour-en-nrl-en-2027-la-belle-affaire-pour-les-dragons-catalans","status":"publish","type":"post","link":"https:\/\/www.europesays.com\/fr\/576929\/","title":{"rendered":"Rugby \u00e0 XIII\u00a0: Toby Sexton de retour en NRL en 2027, la belle affaire pour les Dragons Catalans"},"content":{"rendered":"<p>\n                                                                Le meneur de jeu des Dragons Catalans de 24 ans sera de retour en Australie en 2027, apr\u00e8s une seule ann\u00e9e en sang et or. Il rejoindra ensuite la nouvelle franchise de Perth qui int\u00e9grera la prestigieuse NRL. Un choix qui peut surprendre, mais qui \u00e9tait dessin\u00e9 depuis le d\u00e9but entre les trois parties, dont le club des Dragons Catalans.\n                            <\/p>\n<p>Ainsi va le sport professionnel. Avant m\u00eame que ne d\u00e9bute la saison de Super League, certains transferts voient d\u00e9j\u00e0 le jour. Les Dragons n\u2019y \u00e9chappent pas, c\u2019\u00e9tait le cas pour Arthur Mourgue en d\u00e9cembre\u00a02024 et pour Tom Johnstone et Mike McMeeken en 2023. Cette fois, c\u2019est l\u2019une des onze recrues de la saison 2026 qui est d\u00e9j\u00e0 annonc\u00e9e ailleurs apr\u00e8s son ann\u00e9e de contrat.<\/p>\n<p>Sexton, pass\u00e9 par les Titans de la Gold Coast\u00a0a \u00e9t\u00e9 recrut\u00e9 \u00e0 Canterbury par les Dragons au printemps dernier apr\u00e8s ses trois saisons et ses 41 feuilles de\u00a0match, dont 18 la saison derni\u00e8re, jusqu\u2019\u00e0\u00a0la demi-finale perdue contre Penrith. Le demi de m\u00eal\u00e9e, en fin de contrat en 2025, \u00e9tait la cible prioritaire de Mal Meninga, futur coach des Bears de Perth qui entreront en NRL en 2027.<\/p>\n<p>Les Dragons Catalans, au fait de cette approche discr\u00e8te n\u2019ont pas manqu\u00e9 l\u2019occasion de recruter pour un an, un demi de m\u00eal\u00e9e de 24 ans, titulaire dans une \u00e9quipe du haut de tableau de la NRL, assurant le coup, avec une deuxi\u00e8me ann\u00e9e de contrat en option. Perth a confirm\u00e9 ce mardi 2\u00a0d\u00e9cembre la signature du joueur pour 2027, ce qui clarifie une situation qui \u00e9tait limpide\u00a0en interne depuis le d\u00e9but. \u00ab\u00a0Toby est un leader confirm\u00e9 qui travaille sans rel\u00e2che pour faire progresser ses co\u00e9quipiers. C\u2019est une personne de grande qualit\u00e9 qui, j\u2019en suis convaincu, saura saisir l\u2019opportunit\u00e9 d\u2019\u00eatre un pionnier pour les Perth Bears\u00a0\u00bb, a dit de lui Mal Meninga.<\/p>\n<p>Les Dragons et Perth, une future association\u00a0?<\/p>\n<p>Le club des Dragons et celui de Perth nouent depuis plusieurs mois de r\u00e9elles relations. Mal Meninga, l\u2019ancien entra\u00eeneur de l\u2019Australie mesure la probl\u00e9matique li\u00e9e aux d\u00e9placements en avion toutes les deux semaines, ce qu\u2019il devra r\u00e9aliser avec Perth qui se rendra\u00a0sur la c\u00f4te Est de l\u2019Australie tous les 15 jours. Un point que les Dragons appr\u00e9hendent \u00e9galement et depuis 20 ans. La possibilit\u00e9 de voir de jeunes joueurs se pr\u00e9parer en Super League avec les Dracs, avant d\u2019int\u00e9grer les Perth Bears est \u00e9tudi\u00e9e. Des passerelles sont \u00e0 l\u2019\u00e9tude.<\/p>\n<p>Clairement, les Dragons Catalans n\u2019auraient jamais r\u00e9ussi \u00e0 attirer Toby Sexton s\u2019il n\u2019y avait pas eu cette option d\u2019une ann\u00e9e, avec ce retour l\u2019ann\u00e9e suivante. Depuis la reprise des entra\u00eenements (10\u00a0novembre), Toby Sexton est l\u2019organisateur, le planificateur et ma\u00eetre du jeu lors des s\u00e9ances collectives. Loin d\u2019\u00eatre en vacances sur les bords de la M\u00e9diterran\u00e9e, Toby Sexton a l\u2019avantage de savoir o\u00f9 il va et o\u00f9 il sera dans un an, au moment d\u2019entamer la saison de Super League qu\u2019il entend marquer de son passage.<\/p>\n","protected":false},"excerpt":{"rendered":"Le meneur de jeu des Dragons Catalans de 24 ans sera de retour en Australie en 2027, apr\u00e8s&hellip;\n","protected":false},"author":2,"featured_media":576930,"comment_status":"","ping_status":"","sticky":false,"template":"","format":"standard","meta":{"footnotes":""},"categories":[1416],"tags":[1011,27,479,1468,69131,517,60],"class_list":{"0":"post-576929","1":"post","2":"type-post","3":"status-publish","4":"format-standard","5":"has-post-thumbnail","7":"category-rugby","8":"tag-fr","9":"tag-france","10":"tag-rugby","11":"tag-rugby-football","12":"tag-rugby-u00e0-xiii","13":"tag-sport","14":"tag-sports"},"share_on_mastodon":{"url":"https:\/\/pubeurope.com\/@fr\/115659819219963243","error":""},"_links":{"self":[{"href":"https:\/\/www.europesays.com\/fr\/wp-json\/wp\/v2\/posts\/576929","targetHints":{"allow":["GET"]}}],"collection":[{"href":"https:\/\/www.europesays.com\/fr\/wp-json\/wp\/v2\/posts"}],"about":[{"href":"https:\/\/www.europesays.com\/fr\/wp-json\/wp\/v2\/types\/post"}],"author":[{"embeddable":true,"href":"https:\/\/www.europesays.com\/fr\/wp-json\/wp\/v2\/users\/2"}],"replies":[{"embeddable":true,"href":"https:\/\/www.europesays.com\/fr\/wp-json\/wp\/v2\/comments?post=576929"}],"version-history":[{"count":0,"href":"https:\/\/www.europesays.com\/fr\/wp-json\/wp\/v2\/posts\/576929\/revisions"}],"wp:featuredmedia":[{"embeddable":true,"href":"https:\/\/www.europesays.com\/fr\/wp-json\/wp\/v2\/media\/576930"}],"wp:attachment":[{"href":"https:\/\/www.europesays.com\/fr\/wp-json\/wp\/v2\/media?parent=576929"}],"wp:term":[{"taxonomy":"category","embeddable":true,"href":"https:\/\/www.europesays.com\/fr\/wp-json\/wp\/v2\/categories?post=576929"},{"taxonomy":"post_tag","embeddable":true,"href":"https:\/\/www.europesays.com\/fr\/wp-json\/wp\/v2\/tags?post=576929"}],"curies":[{"name":"wp","href":"https:\/\/api.w.org\/{rel}","templated":true}]}}