{"id":576935,"date":"2025-12-04T06:17:14","date_gmt":"2025-12-04T06:17:14","guid":{"rendered":"https:\/\/www.europesays.com\/fr\/576935\/"},"modified":"2025-12-04T06:17:14","modified_gmt":"2025-12-04T06:17:14","slug":"psg-real-madrid-nouvelle-guerre-sur-le-mercato","status":"publish","type":"post","link":"https:\/\/www.europesays.com\/fr\/576935\/","title":{"rendered":"PSG &#8211; Real Madrid : Nouvelle guerre sur le mercato !"},"content":{"rendered":"<p class=\"heading\">Arriv\u00e9 tr\u00e8s jeune au Real Madrid, Eduardo Camavinga traverse une p\u00e9riode un peu d\u00e9licate, subissant de plein fouet la concurrence d\u2019Aur\u00e9lien Tchouam\u00e9ni, Federico Vaverde et Jude Bellignham depuis le d\u00e9but de la saison. Ainsi, un d\u00e9part a \u00e9t\u00e9 \u00e9voqu\u00e9 en Espagne et le Paris Saint-Germain se serait d\u00e9j\u00e0 positionn\u00e9 pour peut-\u00eatre r\u00e9cup\u00e9rer le milieu de l\u2019\u00e9quipe de France. <\/p>\n<p>Ces derni\u00e8res ann\u00e9es, de plus en plus d\u2019internationaux fran\u00e7ais ont pos\u00e9 leurs valises \u00e0 Paris. Il y a notamment eu <strong>Ousmane Demb\u00e9l\u00e9<\/strong> ou encore <strong>Lucas Hernandez<\/strong>, avec le <strong>PSG<\/strong> qui semble bien d\u00e9cid\u00e9 \u00e0 miser toujours plus sur des membres de l\u2019<strong>\u00e9quipe de France<\/strong> de <strong>Didier Deschamps<\/strong>. <\/p>\n<p>                                            Que va faire Camavinga ? <\/p>\n<p>Le prochain, \u00e7a pourrait bien \u00eatre <strong>Eduardo Camavinga<\/strong> ! Peu utilis\u00e9 par <strong>Xabi Alonso <\/strong>depuis le d\u00e9but de la saison, l\u2019ancien du <strong>Stade Rennais<\/strong> pourrait \u00eatre pouss\u00e9 vers la sortie et le <strong>PSG <\/strong>serait en premi\u00e8re ligne pour l\u2019accueillir. Un transfert \u00e0 60M\u20ac aurait d\u2019ailleurs d\u00e9j\u00e0 \u00e9t\u00e9 \u00e9voqu\u00e9, m\u00eame si pour le moment le joueur semble vouloir rester au <strong>Real Madrid<\/strong>. <\/p>\n<p>                                            Les grands d\u2019Europe sont sur le coup <\/p>\n<p>La pression pourrait toutefois devenir toujours plus forte. TMW nous apprend que le <strong>PSG <\/strong>ainsi que <strong>Liverpool <\/strong>auraient pris contact avec l\u2019entourage d\u2019<strong>Eduardo Camavinga<\/strong>, mais cela serait \u00e9galement le cas d\u2019<strong>Arsenal<\/strong>, du <strong>Bayern Munich<\/strong>, de <strong>Chelsea <\/strong>ou encore de <strong>Manchester United<\/strong>, qui verrait en lui le successeur parfait de <strong>Casemiro<\/strong>. <\/p>\n","protected":false},"excerpt":{"rendered":"Arriv\u00e9 tr\u00e8s jeune au Real Madrid, Eduardo Camavinga traverse une p\u00e9riode un peu d\u00e9licate, subissant de plein fouet&hellip;\n","protected":false},"author":2,"featured_media":576936,"comment_status":"","ping_status":"","sticky":false,"template":"","format":"standard","meta":{"footnotes":""},"categories":[1410],"tags":[63,1011,27,60],"class_list":{"0":"post-576935","1":"post","2":"type-post","3":"status-publish","4":"format-standard","5":"has-post-thumbnail","7":"category-football","8":"tag-football","9":"tag-fr","10":"tag-france","11":"tag-sports"},"share_on_mastodon":{"url":"https:\/\/pubeurope.com\/@fr\/115659842968945123","error":""},"_links":{"self":[{"href":"https:\/\/www.europesays.com\/fr\/wp-json\/wp\/v2\/posts\/576935","targetHints":{"allow":["GET"]}}],"collection":[{"href":"https:\/\/www.europesays.com\/fr\/wp-json\/wp\/v2\/posts"}],"about":[{"href":"https:\/\/www.europesays.com\/fr\/wp-json\/wp\/v2\/types\/post"}],"author":[{"embeddable":true,"href":"https:\/\/www.europesays.com\/fr\/wp-json\/wp\/v2\/users\/2"}],"replies":[{"embeddable":true,"href":"https:\/\/www.europesays.com\/fr\/wp-json\/wp\/v2\/comments?post=576935"}],"version-history":[{"count":0,"href":"https:\/\/www.europesays.com\/fr\/wp-json\/wp\/v2\/posts\/576935\/revisions"}],"wp:featuredmedia":[{"embeddable":true,"href":"https:\/\/www.europesays.com\/fr\/wp-json\/wp\/v2\/media\/576936"}],"wp:attachment":[{"href":"https:\/\/www.europesays.com\/fr\/wp-json\/wp\/v2\/media?parent=576935"}],"wp:term":[{"taxonomy":"category","embeddable":true,"href":"https:\/\/www.europesays.com\/fr\/wp-json\/wp\/v2\/categories?post=576935"},{"taxonomy":"post_tag","embeddable":true,"href":"https:\/\/www.europesays.com\/fr\/wp-json\/wp\/v2\/tags?post=576935"}],"curies":[{"name":"wp","href":"https:\/\/api.w.org\/{rel}","templated":true}]}}