{"id":576941,"date":"2025-12-04T06:22:17","date_gmt":"2025-12-04T06:22:17","guid":{"rendered":"https:\/\/www.europesays.com\/fr\/576941\/"},"modified":"2025-12-04T06:22:17","modified_gmt":"2025-12-04T06:22:17","slug":"demain-nous-appartient-melody-ne-se-doute-pas-que-nelly-lawson-commente-la-reaction-terrible-de-georges","status":"publish","type":"post","link":"https:\/\/www.europesays.com\/fr\/576941\/","title":{"rendered":"Demain nous appartient : \u00ab\u00a0M\u00e9lody ne se doute pas que&#8230;\u00a0\u00bb, Nelly Lawson commente la r\u00e9action terrible de Georges"},"content":{"rendered":"<p>T\u00e9l\u00e9-Loisirs a interview\u00e9 Nelly Lawson, dont le personnage de M\u00e9lody dans Demain nous appartient traverse une p\u00e9riode difficile avec Georges. L&rsquo;occasion pour la com\u00e9dienne de r\u00e9agir \u00e0 cette intrigue sensible.<\/p>\n<p>C&rsquo;est l&rsquo;un des couples embl\u00e9matiques de Demain nous appartient. Et il est actuellement mal en point. Depuis l&rsquo;\u00e9pisode du <a href=\"https:\/\/www.programme-tv.net\/news\/series-tv\/392794-demain-nous-appartient-en-avance-georges-decouvre-que-melody-et-bastien-ont-menti-a-propos-de-l-agression-de-marceau-le-resume-de-l-episode-2082-du-mercredi-26-novembre-2025\/\" data-api-deeplink=\"teleloisirs:\/\/news\/392794\" target=\"_blank\" rel=\"noopener\">mensonge de M\u00e9lody (et Bastien !)<\/a>, le duo amoureux qu&rsquo;elle forme avec Georges bat en effet de l&rsquo;aile. Pour le flic, <a href=\"https:\/\/www.programme-tv.net\/news\/series-tv\/392951-demain-nous-appartient-il-va-y-avoir-une-perte-de-confiance-totale-mayel-elhajaoui-evoque-l-avenir-de-la-relation-entre-georges-et-melody\/\" data-api-deeplink=\"teleloisirs:\/\/news\/392951\" target=\"_blank\" rel=\"noopener\">tr\u00e8s attach\u00e9 \u00e0 ses valeurs<\/a> et dont la carri\u00e8re est impact\u00e9e par cette m\u00e9saventure, il est difficile d&rsquo;accepter cette trahison. On aurait pu imaginer que <a href=\"https:\/\/www.programme-tv.net\/news\/series-tv\/393247-demain-nous-appartient-en-avance-georges-est-blesse-par-balle-benny-et-marguerite-se-rapprochent-le-resume-de-l-episode-2087-du-mercredi-3-decembre-2025\/\" data-api-deeplink=\"teleloisirs:\/\/news\/393247\" target=\"_blank\" rel=\"noopener\">sa blessure par balles lors de la prise d&rsquo;otages<\/a> aurait pu lui servir d&rsquo;\u00e9lectrochoc. \u00c9tant pass\u00e9 pr\u00e8s de la mort, il aurait pu ainsi prendre conscience de l&rsquo;urgence de ses sentiments pour elle. Mais les retrouvailles des deux amoureux \u00e0 l&rsquo;h\u00f4pital apr\u00e8s la trag\u00e9die a \u00e9t\u00e9 plus que glaciale, Georges se montrant particuli\u00e8rement distant.<\/p>\n<p>Demain nous appartient : \u00ab\u00a0M\u00e9lody ne se doute pas que&#8230;\u00a0\u00bb, Nelly Lawson commente la r\u00e9action terrible de Georges<\/p>\n<p>Cette distance, M\u00e9lody la prend en pleine face et elle fait grandir encore son sentiment de culpabilit\u00e9 vis-\u00e0-vis d&rsquo;un Georges gravement bless\u00e9, comme l&rsquo;a expliqu\u00e9 Nelly Lawson lors de l&rsquo;interview accord\u00e9e \u00e0 T\u00e9l\u00e9-Loisirs : \u00ab\u00a0Elle est boulevers\u00e9e par ce qui est arriv\u00e9 \u00e0 l&rsquo;homme qu&rsquo;elle aime. Ce qui compte pour elle, avant toute chose, c&rsquo;est que Georges soit en vie et qu&rsquo;il aille bien. C&rsquo;est sa priorit\u00e9. C&rsquo;est s\u00fbr que les temps sont un peu orageux dans leur couple de M\u00e9lodie. Elle ne se doute pas que&#8230; M\u00e9lody tient beaucoup \u00e0 lui, elle est tr\u00e8s attach\u00e9e \u00e0 Lucien, qu&rsquo;elle a quand m\u00eame c\u00e2lin\u00e9, \u00e9duqu\u00e9, \u00e0 qui elle a donn\u00e9 le biberon. Elle esp\u00e8re qu&rsquo;ils vont traverser ce moment difficile.\u00a0\u00bb Le couple va-t-il sortir plus fort de cette mauvaise passe ? R\u00e9ponse dans les prochains \u00e9pisodes de Demain nous appartient sur TF1 !<\/p>\n<p>                        Demain nous appartient\u00a0: Le feuilleton d\u00e9conseill\u00e9 aux moins de 10 ans !<\/p>\n<p>Que les fans de Demain nous appartient soient pr\u00e9venus\u00a0: les in\u00e9dits de ce d\u00e9but de semaine sont particuli\u00e8rement mouvement\u00e9s et intenses. Et c&rsquo;est sans doute pour cela que <a href=\"https:\/\/www.programme-tv.net\/news\/series-tv\/393254-demain-nous-appartient-pourquoi-les-episodes-du-mardi-2-decembre-et-mercredi-3-decembre-2025-sont-ils-deconseilles-aux-moins-de-10-ans\/\" data-api-deeplink=\"teleloisirs:\/\/news\/393254\" target=\"_blank\" rel=\"noopener\">les \u00e9pisodes programm\u00e9s ce mardi\u00a02 et ce mercredi 3\u00a0d\u00e9cembre 2025 sur TF1 sont d\u00e9conseill\u00e9s aux moins de 10 ans<\/a>. Bon \u00e0 savoir si vous regardez le feuilleton en famille\u00a0!<\/p>\n","protected":false},"excerpt":{"rendered":"T\u00e9l\u00e9-Loisirs a interview\u00e9 Nelly Lawson, dont le personnage de M\u00e9lody dans Demain nous appartient traverse une p\u00e9riode difficile&hellip;\n","protected":false},"author":2,"featured_media":576942,"comment_status":"","ping_status":"","sticky":false,"template":"","format":"standard","meta":{"footnotes":""},"categories":[1356],"tags":[244,3598,58,59,1011,27,2173,5250,69134,5252,252,199,5251,1364],"class_list":{"0":"post-576941","1":"post","2":"type-post","3":"status-publish","4":"format-standard","5":"has-post-thumbnail","7":"category-television","8":"tag-commentaire","9":"tag-demain-nous-appartient","10":"tag-divertissement","11":"tag-entertainment","12":"tag-fr","13":"tag-france","14":"tag-interview","15":"tag-lorie","16":"tag-mayel-elhajaoui","17":"tag-su00e9ries-mania","18":"tag-television","19":"tag-tf1","20":"tag-tu00e9lu00e9-loisirs","21":"tag-tv"},"share_on_mastodon":{"url":"","error":""},"_links":{"self":[{"href":"https:\/\/www.europesays.com\/fr\/wp-json\/wp\/v2\/posts\/576941","targetHints":{"allow":["GET"]}}],"collection":[{"href":"https:\/\/www.europesays.com\/fr\/wp-json\/wp\/v2\/posts"}],"about":[{"href":"https:\/\/www.europesays.com\/fr\/wp-json\/wp\/v2\/types\/post"}],"author":[{"embeddable":true,"href":"https:\/\/www.europesays.com\/fr\/wp-json\/wp\/v2\/users\/2"}],"replies":[{"embeddable":true,"href":"https:\/\/www.europesays.com\/fr\/wp-json\/wp\/v2\/comments?post=576941"}],"version-history":[{"count":0,"href":"https:\/\/www.europesays.com\/fr\/wp-json\/wp\/v2\/posts\/576941\/revisions"}],"wp:featuredmedia":[{"embeddable":true,"href":"https:\/\/www.europesays.com\/fr\/wp-json\/wp\/v2\/media\/576942"}],"wp:attachment":[{"href":"https:\/\/www.europesays.com\/fr\/wp-json\/wp\/v2\/media?parent=576941"}],"wp:term":[{"taxonomy":"category","embeddable":true,"href":"https:\/\/www.europesays.com\/fr\/wp-json\/wp\/v2\/categories?post=576941"},{"taxonomy":"post_tag","embeddable":true,"href":"https:\/\/www.europesays.com\/fr\/wp-json\/wp\/v2\/tags?post=576941"}],"curies":[{"name":"wp","href":"https:\/\/api.w.org\/{rel}","templated":true}]}}