{"id":576955,"date":"2025-12-04T06:29:10","date_gmt":"2025-12-04T06:29:10","guid":{"rendered":"https:\/\/www.europesays.com\/fr\/576955\/"},"modified":"2025-12-04T06:29:10","modified_gmt":"2025-12-04T06:29:10","slug":"des-capteurs-de-glycemie-rappeles-dans-17-pays-dont-la-france-apres-plusieurs-morts","status":"publish","type":"post","link":"https:\/\/www.europesays.com\/fr\/576955\/","title":{"rendered":"des capteurs de glyc\u00e9mie rappel\u00e9s dans 17 pays, dont la France, apr\u00e8s plusieurs morts"},"content":{"rendered":"<p>                             Par Le Figaro avec AFP<\/p>\n<p>                Le 3 d\u00e9cembre 2025 \u00e0 23h56<\/p>\n<p>    Un homme avec du diab\u00e8te utilise un capteur de glyc\u00e9mie (photo d\u2019illustration).<br \/>\n                NIKLAS HALLE&rsquo;N \/ AFP<\/p>\n<p>\n    Cette op\u00e9ration de rappel concerne certains capteurs FreeStyle Libre 3 et FreeStyle Libre 3 Plus utilis\u00e9s par des patients diab\u00e9tiques.<\/p>\n<p class=\"fig-paragraph\">Une large campagne de rappel de capteurs de\u00a0<a href=\"http:\/\/sante.lefigaro.fr\/social\/sante-publique\/mesurer-la-glycemie-sans-piqure-les-dangereuses-promesses-des-objets-connectes-20250331\" target=\"_blank\" data-fig-type=\"NewsFlash\" rel=\"noopener\" data-gtm-custom-categorie=\"navigation\" data-gtm-custom-action=\"crossclick\" data-gtm-custom-label=\"Contextuel\" data-gtm-event=\"customEventSPE\" data-fig-domain=\"SANTE\">glyc\u00e9mie<\/a>\u00a0est en cours dans dix-sept pays dont la France et les \u00c9tats-Unis apr\u00e8s l&rsquo;identification d&rsquo;un dysfonctionnement qui pourrait \u00eatre li\u00e9e \u00e0 sept morts, a annonc\u00e9 mercredi \u00e0 l&rsquo;AFP l&rsquo;entreprise pharmaceutique Abbott.<\/p>\n<p class=\"fig-paragraph\">Cette op\u00e9ration concerne \u00abcertains capteurs FreeStyle Libre 3 et FreeStyle Libre 3 Plus\u00bb utilis\u00e9s par des patients\u00a0<a href=\"http:\/\/www.lefigaro.fr\/conjoncture\/cancerologie-immunologie-diabete-la-spectaculaire-percee-de-la-chine-dans-l-innovation-therapeutique-20250929\" target=\"_blank\" data-fig-type=\"Article\" rel=\"noopener\" data-gtm-custom-categorie=\"navigation\" data-gtm-custom-action=\"crossclick\" data-gtm-custom-label=\"Contextuel\" data-gtm-event=\"customEventSPE\" data-fig-domain=\"LEFIGARO\">diab\u00e9tiques<\/a>, a d\u00e9taill\u00e9 cette responsable dans un communiqu\u00e9, expliquant que \u00abdes tests internes ont d\u00e9termin\u00e9 que certains de ces capteurs pouvaient fournir des mesures incorrectes de glyc\u00e9mie basse\u00bb.<\/p>\n<p>                                                                <a class=\"fig-a11y-skip\" href=\"#fig-a11y-skip-main-inarticle\" data-module=\"a11y-skip\" data-context=\"was @visible\"><br \/>\n    Passer la publicit\u00e9<br \/>\n<\/a>            <\/p>\n<p class=\"fig-paragraph\">L&rsquo;entreprise a dit avoir re\u00e7u \u00e0 ce jour des signalements faisant \u00e9tat de sept d\u00e9c\u00e8s et de 736 incidents graves qui pourraient \u00eatre li\u00e9s \u00e0 ce dysfonctionnement. Utilis\u00e9s dans la gestion du diab\u00e8te, les capteurs de glyc\u00e9mie op\u00e8rent un suivi en continu du\u00a0<a href=\"https:\/\/www.lefigaro.fr\/culture\/jessie-inchauspe-la-deesse-du-glucose-20240902\" target=\"_blank\" data-fig-type=\"Article\" rel=\"noopener\" data-gtm-custom-categorie=\"navigation\" data-gtm-custom-action=\"crossclick\" data-gtm-custom-label=\"Contextuel\" data-gtm-event=\"customEventSPE\" data-fig-domain=\"LEFIGARO\">glucose<\/a>, et aident ainsi les patients \u00e0 pr\u00e9venir le risque d&rsquo;hypoglyc\u00e9mie ou d&rsquo;hyperglyc\u00e9mie qui peuvent sans prise en charge provoquer un coma ou causer la mort.<\/p>\n<p>                                                                La France concern\u00e9e<\/p>\n<p class=\"fig-paragraph\">Les dispositifs d\u00e9fectueux sont li\u00e9s \u00e0 une seule cha\u00eene de production, a pr\u00e9cis\u00e9 l&rsquo;entreprise, qui a alert\u00e9 les autorit\u00e9s sanitaires des pays dans lesquels ils ont \u00e9t\u00e9 commercialis\u00e9s et a lanc\u00e9 une action de rappel. Rien qu&rsquo;aux \u00c9tats-Unis, environ 3 millions de capteurs d\u00e9fectueux auraient \u00e9t\u00e9 distribu\u00e9s, estime la soci\u00e9t\u00e9 Abbott.<\/p>\n<p class=\"fig-paragraph\">Les autres pays concern\u00e9s sont l&rsquo;Allemagne, Autriche, la Belgique, le Canada, le Danemark, l&rsquo;Espagne, la Finlande, la France, l&rsquo;Italie, le Luxembourg, les Pays-Bas, la Nouvelle-Z\u00e9lande, la Norv\u00e8ge, la Su\u00e8de, la Suisse et Royaume-Uni.<\/p>\n","protected":false},"excerpt":{"rendered":"Par Le Figaro avec AFP Le 3 d\u00e9cembre 2025 \u00e0 23h56 Un homme avec du diab\u00e8te utilise un&hellip;\n","protected":false},"author":2,"featured_media":576956,"comment_status":"","ping_status":"","sticky":false,"template":"","format":"standard","meta":{"footnotes":""},"categories":[6],"tags":[35,234,33,34,1011,27],"class_list":{"0":"post-576955","1":"post","2":"type-post","3":"status-publish","4":"format-standard","5":"has-post-thumbnail","7":"category-economie","8":"tag-business","9":"tag-diabete","10":"tag-economie","11":"tag-economy","12":"tag-fr","13":"tag-france"},"share_on_mastodon":{"url":"https:\/\/pubeurope.com\/@fr\/115659889899646451","error":""},"_links":{"self":[{"href":"https:\/\/www.europesays.com\/fr\/wp-json\/wp\/v2\/posts\/576955","targetHints":{"allow":["GET"]}}],"collection":[{"href":"https:\/\/www.europesays.com\/fr\/wp-json\/wp\/v2\/posts"}],"about":[{"href":"https:\/\/www.europesays.com\/fr\/wp-json\/wp\/v2\/types\/post"}],"author":[{"embeddable":true,"href":"https:\/\/www.europesays.com\/fr\/wp-json\/wp\/v2\/users\/2"}],"replies":[{"embeddable":true,"href":"https:\/\/www.europesays.com\/fr\/wp-json\/wp\/v2\/comments?post=576955"}],"version-history":[{"count":0,"href":"https:\/\/www.europesays.com\/fr\/wp-json\/wp\/v2\/posts\/576955\/revisions"}],"wp:featuredmedia":[{"embeddable":true,"href":"https:\/\/www.europesays.com\/fr\/wp-json\/wp\/v2\/media\/576956"}],"wp:attachment":[{"href":"https:\/\/www.europesays.com\/fr\/wp-json\/wp\/v2\/media?parent=576955"}],"wp:term":[{"taxonomy":"category","embeddable":true,"href":"https:\/\/www.europesays.com\/fr\/wp-json\/wp\/v2\/categories?post=576955"},{"taxonomy":"post_tag","embeddable":true,"href":"https:\/\/www.europesays.com\/fr\/wp-json\/wp\/v2\/tags?post=576955"}],"curies":[{"name":"wp","href":"https:\/\/api.w.org\/{rel}","templated":true}]}}