{"id":576961,"date":"2025-12-04T06:32:27","date_gmt":"2025-12-04T06:32:27","guid":{"rendered":"https:\/\/www.europesays.com\/fr\/576961\/"},"modified":"2025-12-04T06:32:27","modified_gmt":"2025-12-04T06:32:27","slug":"voici-les-5-illuminations-a-voir-absolument-pour-cette-edition","status":"publish","type":"post","link":"https:\/\/www.europesays.com\/fr\/576961\/","title":{"rendered":"voici les 5 illuminations \u00e0 voir absolument pour cette \u00e9dition"},"content":{"rendered":"<p>                    Par<br \/>\n        <strong><br \/>\n            <a href=\"https:\/\/actu.fr\/auteur\/ludivine-caporal\" title=\"Consulter tous les articles de Ludivine Caporal\" target=\"_blank\" rel=\"noopener\">Ludivine Caporal<\/a><br \/>\n                    <\/strong><\/p>\n<p>        Publi\u00e9 le<\/p>\n<p>            3 d\u00e9c. 2025 \u00e0 16h06        <\/p>\n<p>Vous ne savez pas encore quoi choisir ni o\u00f9 aller pour profiter de cette nouvelle \u00e9dition de la <a href=\"https:\/\/actu.fr\/tag\/fete-des-lumieres-de-lyon\" target=\"_blank\" rel=\"noopener\">F\u00eate des Lumi\u00e8res\u2009?<\/a><\/p>\n<p class=\" wall-content\">\u00c0 48\u00a0heures du lancement, la r\u00e9daction d\u2019actu Lyon vous a s\u00e9lectionn\u00e9 les 5 \u0153uvres \u00e0 voir absolument <a href=\"https:\/\/actu.fr\/auvergne-rhone-alpes\/lyon_69123\/fete-des-lumieres-2025-a-lyon-decouvrez-le-programme-complet-des-illuminations_63395646.html\" target=\"_blank\" rel=\"noopener\">parmi les 23 propos\u00e9es<\/a> dans toute la ville. Celles qui nous font, personnellement, <strong>tr\u00e9pigner d\u2019impatience.<\/strong><\/p>\n<p>HDV \u2013 40\u00a0ans de skate \u00e0 Lyon (Place Louis Pradel, 1er arrondissement)<\/p>\n<p class=\" wall-content\">Vivante et centrale, situ\u00e9e juste \u00e0 c\u00f4t\u00e9 de l\u2019Op\u00e9ra et de l\u2019H\u00f4tel de Ville, la place Louis Pradel fera une nouvelle fois partie des festivit\u00e9s. Entre <strong>figures acrobatiques et bande-son 90\u2019s<\/strong>, elle sera embellie gr\u00e2ce \u00e0 une animation lumineuse autour du skate, pratique pour laquelle elle est mondialement r\u00e9put\u00e9e.<\/p>\n<p>    <img   decoding=\"async\" loading=\"lazy\" src=\"https:\/\/www.europesays.com\/fr\/wp-content\/uploads\/2025\/12\/rcrf-kagh-2-ou-3-visuels-hd-300-dpi-dont-au-moin-hd1-960x608.jpg\" alt=\"L'illumination \" width=\"960\" height=\"608\"\/><br \/>\n    L\u2019illumination \u00ab\u2009HDV \u2013 40\u00a0ans de skate\u2009\u00bb de la place Louis-Pradel pour la f\u00eate des Lumi\u00e8res 2025 \u00e0 Lyon. (\u00a9Visuel F\u00eate des lumi\u00e8res)Stranger lights \u2013 La derni\u00e8re aventure \u00e0 Lyon (Place Sathonay, 1er arrondissement)<\/p>\n<p class=\" wall-content\">C\u2019est sans doute l\u2019\u0153uvre la plus attendue de cette \u00e9dition. Pour la premi\u00e8re fois de son histoire, la F\u00eate des Lumi\u00e8res accueillera une <a href=\"https:\/\/actu.fr\/auvergne-rhone-alpes\/lyon_69123\/lyon-le-gros-cheque-de-netflix-a-la-fete-des-lumieres-2025-provoque-de-sacres-remous_63478151.html\" target=\"_blank\" rel=\"noopener\">illumination 100\u2009% Netflix<\/a> sur le th\u00e8me de la s\u00e9rie <strong>Stranger Things<\/strong>. Une installation \u00ab\u2009pleine de myst\u00e8res\u2009\u00bb sur la place Sathonay qui promet de jolis clins d\u2019\u0153il \u00e0 l\u2019Upside Down.<\/p>\n<p>    <img   decoding=\"async\" loading=\"lazy\" src=\"https:\/\/www.europesays.com\/fr\/wp-content\/uploads\/2025\/12\/strangers-things-place-sathonay-fdl-fete-des-lumieres-lyon-2025-960x640.png\" alt=\"La place Sathonay va se tranformer en d\u00e9cor de Stranger Things (Netflix) lors de la F\u00eate des Lumi\u00e8res 2025 \u00e0 Lyon.\" width=\"960\" height=\"640\"\/><br \/>\n    La place Sathonay va se transformer en d\u00e9cor de Stranger Things (Netflix) lors de la F\u00eate des Lumi\u00e8res 2025 \u00e0 Lyon. (\u00a9F\u00eate des Lumi\u00e8res)<\/p>\n<p>Votre r\u00e9gion, votre actu !<\/p>\n<p>Recevez chaque jour les infos qui comptent pour vous.<\/p>\n<p>\t<a href=\"https:\/\/actu.fr\/newsletter\" class=\"ac-btn ac-btn--corner ac-btn--medium ac-btn--blue800\" target=\"_blank\" rel=\"noopener\">S&rsquo;incrire<\/a><br \/>\n\u00c0 Salty Protest V1 (Studio 24 \u2013 P\u00f4le Pixel, Villeurbanne)<\/p>\n<p class=\" wall-content\">Quoi de mieux que de vivre l\u2019exp\u00e9rience FDL loin de la foule et du froid\u2009? Un incroyable spectacle de 7\u00a0minutes \u00e0 la crois\u00e9e de la <strong>performance chor\u00e9graphique et du cin\u00e9ma exp\u00e9rimental<\/strong> sera \u00e0 d\u00e9couvrir au Studio 24 du P\u00f4le Pixel, \u00e0 Villeurbanne. Il fera \u00e9cho \u00e0 la marche non violente de Gandhi en 1930.<\/p>\n<p>    <img   decoding=\"async\" loading=\"lazy\" src=\"https:\/\/www.europesays.com\/fr\/wp-content\/uploads\/2025\/12\/opera-2030-1080x1080-vide-20250930-960x640.jpg\" alt=\"L'oeuvre du p\u00f4le Pixel de Villeurbanne.\" width=\"960\" height=\"640\"\/><br \/>\n    L\u2019\u0153uvre du P\u00f4le Pixel de Villeurbanne. (\u00a9Visuel F\u00eate des Lumi\u00e8res)L\u2019\u00c9veil des Lumi\u00e8res (Parc de la T\u00eate d\u2019Or, 6e arrondissement)<\/p>\n<p class=\" wall-content\"><a href=\"https:\/\/actu.fr\/auvergne-rhone-alpes\/lyon_69123\/fete-des-lumieres-de-lyon-l-incroyable-show-de-drones-peut-etre-annule-voici-pourquoi_63513486.html\" target=\"_blank\" rel=\"noopener\">500 drones vont se d\u00e9ployer dans le ciel<\/a> du parc de la T\u00eate d\u2019Or pour rendre hommage \u00e0 nos traditions et \u00e9voquer l\u2019histoire de la lumi\u00e8re. Ce <strong>ballet lumineux<\/strong>, d\u2019une dur\u00e9e de 8\u00a0minutes, est le premier du genre \u00e0 \u00eatre inscrit au programme de l\u2019\u00e9v\u00e9nement lyonnais. De quoi se r\u00e9jouir d\u2019une telle exclusivit\u00e9.<\/p>\n<p>    <img   decoding=\"async\" loading=\"lazy\" src=\"https:\/\/www.europesays.com\/fr\/wp-content\/uploads\/2025\/12\/1764829947_335_allumee-lyon-fete-des-lumieres-tete-dor-960x640.png\" alt=\"Un spectacle de drones aura lieu au parc de la T\u00eate d'or pour l'\u00e9dition 2025 de la F\u00eate des Lumi\u00e8res \u00e0 Lyon. \" width=\"960\" height=\"640\"\/><br \/>\n    Un spectacle de drones aura lieu au parc de la T\u00eate d\u2019Or pour l\u2019\u00e9dition 2025 de la F\u00eate des Lumi\u00e8res \u00e0 Lyon. (\u00a9Visuel F\u00eate des Lumi\u00e8res)Les Lumignons du C\u0153ur \u2013 L\u2019\u00eele des Jacobins (Place des Jacobins, 2e arrondissement)<\/p>\n<p class=\" wall-content\">Parce qu\u2019elle reste magnifique en toutes circonstances, il nous tarde enfin de voir la place des Jacobins illumin\u00e9e par <strong>3\u2009000 lumignons sur le th\u00e8me de l\u2019oc\u00e9an.<\/strong><\/p>\n<p class=\" wall-content\">Personnalisez votre actualit\u00e9 en ajoutant vos villes et m\u00e9dias en favori avec <a href=\"https:\/\/moncompte.actu.fr\" title=\"D\u00e9couvez Mon Actu\" rel=\"nofollow noopener\" data-trk=\"{&quot;cta&quot;:{&quot;action&quot;:&quot;https:\\\/\\\/moncompte.actu.fr&quot;,&quot;category&quot;:&quot;mon compte&quot;,&quot;from&quot;:&quot;article footer&quot;,&quot;name&quot;:&quot;Mon actu&quot;,&quot;type&quot;:&quot;cta&quot;}}\" target=\"_blank\">Mon Actu<\/a>.<\/p>\n","protected":false},"excerpt":{"rendered":"Par Ludivine Caporal Publi\u00e9 le 3 d\u00e9c. 2025 \u00e0 16h06 Vous ne savez pas encore quoi choisir ni&hellip;\n","protected":false},"author":2,"featured_media":576962,"comment_status":"","ping_status":"","sticky":false,"template":"","format":"standard","meta":{"footnotes":""},"categories":[2],"tags":[11,48837,1011,27,12,104],"class_list":{"0":"post-576961","1":"post","2":"type-post","3":"status-publish","4":"format-standard","5":"has-post-thumbnail","7":"category-actualites","8":"tag-actualites","9":"tag-fete-des-lumieres-de-lyon","10":"tag-fr","11":"tag-france","12":"tag-news","13":"tag-societe"},"share_on_mastodon":{"url":"https:\/\/pubeurope.com\/@fr\/115659902478924464","error":""},"_links":{"self":[{"href":"https:\/\/www.europesays.com\/fr\/wp-json\/wp\/v2\/posts\/576961","targetHints":{"allow":["GET"]}}],"collection":[{"href":"https:\/\/www.europesays.com\/fr\/wp-json\/wp\/v2\/posts"}],"about":[{"href":"https:\/\/www.europesays.com\/fr\/wp-json\/wp\/v2\/types\/post"}],"author":[{"embeddable":true,"href":"https:\/\/www.europesays.com\/fr\/wp-json\/wp\/v2\/users\/2"}],"replies":[{"embeddable":true,"href":"https:\/\/www.europesays.com\/fr\/wp-json\/wp\/v2\/comments?post=576961"}],"version-history":[{"count":0,"href":"https:\/\/www.europesays.com\/fr\/wp-json\/wp\/v2\/posts\/576961\/revisions"}],"wp:featuredmedia":[{"embeddable":true,"href":"https:\/\/www.europesays.com\/fr\/wp-json\/wp\/v2\/media\/576962"}],"wp:attachment":[{"href":"https:\/\/www.europesays.com\/fr\/wp-json\/wp\/v2\/media?parent=576961"}],"wp:term":[{"taxonomy":"category","embeddable":true,"href":"https:\/\/www.europesays.com\/fr\/wp-json\/wp\/v2\/categories?post=576961"},{"taxonomy":"post_tag","embeddable":true,"href":"https:\/\/www.europesays.com\/fr\/wp-json\/wp\/v2\/tags?post=576961"}],"curies":[{"name":"wp","href":"https:\/\/api.w.org\/{rel}","templated":true}]}}