{"id":576963,"date":"2025-12-04T06:33:36","date_gmt":"2025-12-04T06:33:36","guid":{"rendered":"https:\/\/www.europesays.com\/fr\/576963\/"},"modified":"2025-12-04T06:33:36","modified_gmt":"2025-12-04T06:33:36","slug":"politique-le-stephanois-bruno-gaccio-candidat-lfi-aux-municipales-a-paris","status":"publish","type":"post","link":"https:\/\/www.europesays.com\/fr\/576963\/","title":{"rendered":"Politique. Le St\u00e9phanois Bruno Gaccio candidat LFI aux municipales \u00e0 Paris"},"content":{"rendered":"<p>Candidate \u00e0 la mairie de Paris pour La France insoumise, Sophie Chikirou a annonc\u00e9 sur le r\u00e9seau social X que, parmi les candidats du parti de gauche pour les municipales de l\u2019an prochain dans la capitale, figure un nom bien connu des Lig\u00e9riens\u00a0: Bruno Gaccio.<\/p>\n<p>L\u2019ancien auteur des cultissimes Guignols de l\u2019info, sc\u00e9nariste et auteur de pi\u00e8ces de th\u00e9\u00e2tre, sera t\u00eate de liste LFI dans le 7\u1d49\u00a0 arrondissement parisien, actuellement dirig\u00e9 par la ministre de la Culture, Rachida Dati.<\/p>\n<p>  Il n\u2019a jamais cach\u00e9 son engagement \u00e0 gauche<\/p>\n<p>C\u2019est la premi\u00e8re fois qu\u2019il se porte candidat au suffrage universel, m\u00eame s\u2019il n\u2019a jamais cach\u00e9 son engagement \u00e0 gauche\u00a0: il avait particip\u00e9 au lancement du parti Nouvelle Donne avec Pierre Larrouturou en 2013, il avait soutenu le mouvement des Gilets jaunes en 2019 puis la candidature de Jean-Luc M\u00e9lenchon lors de l\u2019\u00e9lection pr\u00e9sidentielle de 2022.<\/p>\n<p>Bruno Gaccio est n\u00e9 en d\u00e9cembre\u00a01958 \u00e0 Saint-\u00c9tienne o\u00f9 il a v\u00e9cu, notamment dans le quartier de Montplaisir, jusqu\u2019\u00e0 la fin de son adolescence. Il a aussi \u00e9t\u00e9 administrateur de l\u2019AS Saint-\u00c9tienne, au milieu des ann\u00e9es 2000.<\/p>\n","protected":false},"excerpt":{"rendered":"Candidate \u00e0 la mairie de Paris pour La France insoumise, Sophie Chikirou a annonc\u00e9 sur le r\u00e9seau social&hellip;\n","protected":false},"author":2,"featured_media":576964,"comment_status":"","ping_status":"","sticky":false,"template":"","format":"standard","meta":{"footnotes":""},"categories":[9653],"tags":[1111,11,2430,7539,4188,1777,674,107,1011,27,2338,3367,12,973,316,25,4001,7538],"class_list":{"0":"post-576963","1":"post","2":"type-post","3":"status-publish","4":"format-standard","5":"has-post-thumbnail","7":"category-saint-etienne","8":"tag-actu","9":"tag-actualites","10":"tag-auvergne-rhone-alpes","11":"tag-edition-loire-sud","12":"tag-elections-municipales","13":"tag-eu","14":"tag-europe","15":"tag-fil-info","16":"tag-fr","17":"tag-france","18":"tag-la-france-insoumise","19":"tag-loire","20":"tag-news","21":"tag-people","22":"tag-politique","23":"tag-republique-francaise","24":"tag-saint-etienne","25":"tag-saint-etienne-ville"},"share_on_mastodon":{"url":"https:\/\/pubeurope.com\/@fr\/115659905796549844","error":""},"_links":{"self":[{"href":"https:\/\/www.europesays.com\/fr\/wp-json\/wp\/v2\/posts\/576963","targetHints":{"allow":["GET"]}}],"collection":[{"href":"https:\/\/www.europesays.com\/fr\/wp-json\/wp\/v2\/posts"}],"about":[{"href":"https:\/\/www.europesays.com\/fr\/wp-json\/wp\/v2\/types\/post"}],"author":[{"embeddable":true,"href":"https:\/\/www.europesays.com\/fr\/wp-json\/wp\/v2\/users\/2"}],"replies":[{"embeddable":true,"href":"https:\/\/www.europesays.com\/fr\/wp-json\/wp\/v2\/comments?post=576963"}],"version-history":[{"count":0,"href":"https:\/\/www.europesays.com\/fr\/wp-json\/wp\/v2\/posts\/576963\/revisions"}],"wp:featuredmedia":[{"embeddable":true,"href":"https:\/\/www.europesays.com\/fr\/wp-json\/wp\/v2\/media\/576964"}],"wp:attachment":[{"href":"https:\/\/www.europesays.com\/fr\/wp-json\/wp\/v2\/media?parent=576963"}],"wp:term":[{"taxonomy":"category","embeddable":true,"href":"https:\/\/www.europesays.com\/fr\/wp-json\/wp\/v2\/categories?post=576963"},{"taxonomy":"post_tag","embeddable":true,"href":"https:\/\/www.europesays.com\/fr\/wp-json\/wp\/v2\/tags?post=576963"}],"curies":[{"name":"wp","href":"https:\/\/api.w.org\/{rel}","templated":true}]}}