{"id":576965,"date":"2025-12-04T06:34:36","date_gmt":"2025-12-04T06:34:36","guid":{"rendered":"https:\/\/www.europesays.com\/fr\/576965\/"},"modified":"2025-12-04T06:34:36","modified_gmt":"2025-12-04T06:34:36","slug":"drome-saint-etienne-marseille-ils-prostituaient-des-mineures-en-fugue-dans-plusieurs-villes-de-france-3","status":"publish","type":"post","link":"https:\/\/www.europesays.com\/fr\/576965\/","title":{"rendered":"Dr\u00f4me. Saint-\u00c9tienne, Marseille&#8230; ils prostituaient des mineures en fugue dans plusieurs villes de France"},"content":{"rendered":"<p>Dans la Dr\u00f4me, cinq hommes ont \u00e9t\u00e9 plac\u00e9s en d\u00e9tention provisoire apr\u00e8s avoir \u00e9t\u00e9 mis en examen pour prox\u00e9n\u00e9tisme aggrav\u00e9 par la pluralit\u00e9 et la minorit\u00e9 de victimes, rapporte ce mardi <a href=\"https:\/\/www.ledauphine.com\/faits-divers-justice\/2025\/12\/02\/un-reseau-de-prostitution-exploitait-des-mineures-de-12-a-17-ans-en-fugue-comment-des-policiers-dromois-les-ont-sauvees\" target=\"_blank\" rel=\"noopener\">Le Dauphin\u00e9 Lib\u00e9r\u00e9<\/a>. C\u2019est l\u2019aboutissement d\u2019une enqu\u00eate initi\u00e9e cet \u00e9t\u00e9 par les policiers de la brigade de protection de la famille du SLPJ (Service local de police judiciaire) et la DCOS 26 (division de la criminalit\u00e9 organis\u00e9e et sp\u00e9cialis\u00e9e) de Valence qui a abouti au d\u00e9mant\u00e8lement d\u2019un r\u00e9seau de prostitution de mineures \u00e2g\u00e9es de 12 \u00e0 17 ans.<\/p>\n<p>Les jeunes filles, en fugue, \u00e9taient en lien avec leurs clients via un <a href=\"https:\/\/www.lejsl.com\/faits-divers-justice\/2025\/10\/24\/ils-obligeaient-des-femmes-a-se-prostituer-en-france-prison-ferme-pour-cinq-proxenetes-roumains\" target=\"_blank\" rel=\"noopener\">site d\u2019escorts et de rencontres libertines<\/a>. Elles se prostituaient dans des h\u00f4tels et logements de type Airbnb \u00e0 Valence, Avignon, Saint-\u00c9tienne, Perpignan et Marseille. En totale rupture familiale et sociale, elles avaient fait la connaissance des cinq mis en cause qui \u00e9voluaient dans les m\u00eames sph\u00e8res amicales.\u00a0Des hommes qui g\u00e9raient les locations de logements et trajets. Et qui, selon elles, les traitaient bien, les nourrissaient, les habillaient, leur faisaient des cadeaux et partageaient les gains. Sorties de la prostitution, elles ont \u00e9t\u00e9 remises \u00e0 des foyers avec des suivis socio-\u00e9ducatifs. Dans le cadre de cette affaire, les policiers du service interd\u00e9partemental de police judiciaire ont identifi\u00e9 des clients. Une douzaine est convoqu\u00e9e devant la justice en avril prochain.<\/p>\n<p>Les peines pr\u00e9vues pour le recours aux services d\u2019une prostitu\u00e9e mineure sont de cinq ans d\u2019emprisonnement et 75\u00a0000\u00a0euros d\u2019amende. Si elle est \u00e2g\u00e9e de moins de 15 ans, les peines s\u2019\u00e9l\u00e8vent \u00e0 10 ans d\u2019emprisonnement et 150\u00a0000\u00a0euros d\u2019amende.<\/p>\n<p class=\"note\">&gt;&gt; Lire l&rsquo;article du <a href=\"https:\/\/www.ledauphine.com\/faits-divers-justice\/2025\/12\/02\/un-reseau-de-prostitution-exploitait-des-mineures-de-12-a-17-ans-en-fugue-comment-des-policiers-dromois-les-ont-sauvees\" target=\"_blank\" rel=\"noopener\">Dauphin\u00e9 Lib\u00e9r\u00e9<\/a>.<\/p>\n","protected":false},"excerpt":{"rendered":"Dans la Dr\u00f4me, cinq hommes ont \u00e9t\u00e9 plac\u00e9s en d\u00e9tention provisoire apr\u00e8s avoir \u00e9t\u00e9 mis en examen pour&hellip;\n","protected":false},"author":2,"featured_media":573804,"comment_status":"","ping_status":"","sticky":false,"template":"","format":"standard","meta":{"footnotes":""},"categories":[9653],"tags":[1111,11,2430,271,272,1777,674,274,107,1011,27,329,12,25,4001],"class_list":{"0":"post-576965","1":"post","2":"type-post","3":"status-publish","4":"format-standard","5":"has-post-thumbnail","7":"category-saint-etienne","8":"tag-actu","9":"tag-actualites","10":"tag-auvergne-rhone-alpes","11":"tag-crime","12":"tag-delit-et-contravention","13":"tag-eu","14":"tag-europe","15":"tag-faits-divers-justice","16":"tag-fil-info","17":"tag-fr","18":"tag-france","19":"tag-france-monde","20":"tag-news","21":"tag-republique-francaise","22":"tag-saint-etienne"},"share_on_mastodon":{"url":"https:\/\/pubeurope.com\/@fr\/115659909663382931","error":""},"_links":{"self":[{"href":"https:\/\/www.europesays.com\/fr\/wp-json\/wp\/v2\/posts\/576965","targetHints":{"allow":["GET"]}}],"collection":[{"href":"https:\/\/www.europesays.com\/fr\/wp-json\/wp\/v2\/posts"}],"about":[{"href":"https:\/\/www.europesays.com\/fr\/wp-json\/wp\/v2\/types\/post"}],"author":[{"embeddable":true,"href":"https:\/\/www.europesays.com\/fr\/wp-json\/wp\/v2\/users\/2"}],"replies":[{"embeddable":true,"href":"https:\/\/www.europesays.com\/fr\/wp-json\/wp\/v2\/comments?post=576965"}],"version-history":[{"count":0,"href":"https:\/\/www.europesays.com\/fr\/wp-json\/wp\/v2\/posts\/576965\/revisions"}],"wp:featuredmedia":[{"embeddable":true,"href":"https:\/\/www.europesays.com\/fr\/wp-json\/wp\/v2\/media\/573804"}],"wp:attachment":[{"href":"https:\/\/www.europesays.com\/fr\/wp-json\/wp\/v2\/media?parent=576965"}],"wp:term":[{"taxonomy":"category","embeddable":true,"href":"https:\/\/www.europesays.com\/fr\/wp-json\/wp\/v2\/categories?post=576965"},{"taxonomy":"post_tag","embeddable":true,"href":"https:\/\/www.europesays.com\/fr\/wp-json\/wp\/v2\/tags?post=576965"}],"curies":[{"name":"wp","href":"https:\/\/api.w.org\/{rel}","templated":true}]}}