{"id":576966,"date":"2025-12-04T06:35:12","date_gmt":"2025-12-04T06:35:12","guid":{"rendered":"https:\/\/www.europesays.com\/fr\/576966\/"},"modified":"2025-12-04T06:35:12","modified_gmt":"2025-12-04T06:35:12","slug":"voici-les-spectacles-prevus-dimanche","status":"publish","type":"post","link":"https:\/\/www.europesays.com\/fr\/576966\/","title":{"rendered":"voici les spectacles pr\u00e9vus dimanche"},"content":{"rendered":"<p>                    Par<br \/>\n        <strong><br \/>\n            <a href=\"https:\/\/actu.fr\/auteur\/amandine-mehl\" title=\"Consulter tous les articles de Amandine Mehl\" target=\"_blank\" rel=\"noopener\">Amandine Mehl<\/a><br \/>\n                    <\/strong><\/p>\n<p>        Publi\u00e9 le<\/p>\n<p>            4 d\u00e9c. 2025 \u00e0 7h02        <\/p>\n<p>Alors que le tr\u00e8s attendu <a href=\"https:\/\/actu.fr\/grand-est\/nancy_54395\/fetes-de-saint-nicolas-a-nancy-voici-tout-ce-qu-il-faut-savoir-sur-le-defile-2025_63458728.html\" target=\"_blank\" rel=\"noopener\">d\u00e9fil\u00e9<\/a> de <a href=\"https:\/\/actu.fr\/tag\/saint-nicolas\" target=\"_blank\" rel=\"noopener\">Saint-Nicolas<\/a> se d\u00e9roulera samedi 6 d\u00e9cembre 2025 \u00e0 Nancy, la journ\u00e9e de dimanche sera elle aussi marqu\u00e9e par <strong>diff\u00e9rents spectacles<\/strong> en centre-ville.<\/p>\n<p class=\" wall-content\">Voici ce qui vous attend.<\/p>\n<p>Le jouet vivant de la compagnie Dynamog\u00e8ne<\/p>\n<p class=\" wall-content\">\u00c0 11h45 devant le palais du Gouvernement et \u00e0 14h15 rue Stanislas et place Stanislas, la <strong>compagnie Dynamog\u00e8ne<\/strong> pr\u00e9sentera M. Culboto, son <strong>jouet vivant<\/strong> qui ne manquera pas d\u2019interagir avec le public. Sans oublier la <strong>CarmenCycletta<\/strong>, pilot\u00e9e par deux artistes-ouvriers, qui arpentera la Petite Grande Rue, la place Vaud\u00e9mont et la rue Gustave Simon \u00e0 11h45 et la rue Stanislas ainsi que la place Stanislas \u00e0 14h30.<\/p>\n<p class=\" wall-content\">La <strong>compagnie \u00c9cart<\/strong> pr\u00e9sentera quant \u00e0 elle <strong>Ernest<\/strong>, le garde-champ\u00eatre qui r\u00e9alise des pas de claquettes lorsque l\u2019\u00e9motion le gagne. Il se trouvera devant la basilique Saint-Epvre \u00e0 11h30, \u00e0 13h45 place Vaud\u00e9mont et rue Gustave-Simon, et \u00e0 15h30 rues Gambetta, des Dominicains et du Pont-Mouja.<\/p>\n<p>Des lampadaires vivants de plus de trois m\u00e8tres<\/p>\n<p class=\" wall-content\">\u00c0 11h15 rues des Dominicains et du Pont-Mouja, 13h45 place Stanislas et 15h15 rues des Dominicains et du Pont-Mouja, ce sont les<strong> lampadaires vivants<\/strong> de plus de trois m\u00e8tres, du <strong>th\u00e9\u00e2tre Illumiere<\/strong>, qui viendront remplir de joie les visiteurs.<\/p>\n<p class=\" wall-content\">La <strong>compagnie Tukkersconnexion \u00ab\u00a0Classic Rally\u00a0\u00bb,<\/strong> qui ne manquera pas de faire rugir ses moteurs, donne quant \u00e0 elle rendez-vous aux spectateurs \u00e0 11h place Stanislas, 14h au village de la grande roue et place Carri\u00e8re et 15h45 rues des Dominicains et du Pont-Mouja.<\/p>\n<p>Votre r\u00e9gion, votre actu !<\/p>\n<p>Recevez chaque jour les infos qui comptent pour vous.<\/p>\n<p>\t<a href=\"https:\/\/actu.fr\/newsletter\" class=\"ac-btn ac-btn--corner ac-btn--medium ac-btn--blue800\" target=\"_blank\" rel=\"noopener\">S&rsquo;incrire<\/a><br \/>\nD\u00e9ambulation musicale et r\u00e9tro<\/p>\n<p class=\" wall-content\">Avec son <strong>chapiteau miniature<\/strong> qui se d\u00e9place, la <strong>compagnie Cirqumstancia<\/strong> mettra la magie au c\u0153ur de son spectacle \u00e0 11h15 place Carri\u00e8re, 14h45 toujours place Carri\u00e8re, place Vaud\u00e9mont et au sein de la Petite Grande Rue.<\/p>\n<p class=\" wall-content\">La <strong>compagnie Culture Son<\/strong> est elle attendue pour une <strong>d\u00e9ambulation musicale et r\u00e9tro<\/strong> \u00e0 11h au Hameau des fondues festives, place Saint-Epvre, et Grande Rue. Mais aussi \u00e0 13h15 place Stanislas et 16h place Vaud\u00e9mont et dans la Petite Grande Rue.<\/p>\n<p>Un monde joyeux et fou propos\u00e9 par la compagnie des Bonimenteurs<\/p>\n<p class=\" wall-content\">Pr\u00e9sente \u00e9galement, la <strong>compagnie Jonas&amp;friends<\/strong> pr\u00e9sentera son couple tout droit d\u00e9barqu\u00e9 de la p\u00e9riode du cin\u00e9ma muet des ann\u00e9es 1920. Il se trouvera \u00e0 13h15 place Vaud\u00e9mont, dans la Petite Grande Rue et rue Gustave Simon, \u00e0 14h45 place Saint-Epvre, Grande Rue et Porte de la Craffe, et \u00e0 15h45 \u00e0 l\u2019entr\u00e9e du village de la grande roue.<\/p>\n<p class=\" wall-content\">Avec sa porte qui ne m\u00e8ne nulle part, hormis dans \u00ab\u00a0un<strong> monde joyeux et fou<\/strong>\u00ab\u00a0, la <strong>compagnie des Bonimenteurs<\/strong> apportera une dose de joie aux visiteurs \u00e0 11h30 Grande Rue et \u00e0 14h15 rue des Dominicains.<\/p>\n<p class=\" wall-content\">Personnalisez votre actualit\u00e9 en ajoutant vos villes et m\u00e9dias en favori avec <a href=\"https:\/\/moncompte.actu.fr\" title=\"D\u00e9couvez Mon Actu\" rel=\"nofollow noopener\" data-trk=\"{&quot;cta&quot;:{&quot;action&quot;:&quot;https:\\\/\\\/moncompte.actu.fr&quot;,&quot;category&quot;:&quot;mon compte&quot;,&quot;from&quot;:&quot;article footer&quot;,&quot;name&quot;:&quot;Mon actu&quot;,&quot;type&quot;:&quot;cta&quot;}}\" target=\"_blank\">Mon Actu<\/a>.<\/p>\n","protected":false},"excerpt":{"rendered":"Par Amandine Mehl Publi\u00e9 le 4 d\u00e9c. 2025 \u00e0 7h02 Alors que le tr\u00e8s attendu d\u00e9fil\u00e9 de Saint-Nicolas&hellip;\n","protected":false},"author":2,"featured_media":576967,"comment_status":"","ping_status":"","sticky":false,"template":"","format":"standard","meta":{"footnotes":""},"categories":[9635],"tags":[1111,11,1777,674,1011,27,775,1702,12,25,104,853],"class_list":{"0":"post-576966","1":"post","2":"type-post","3":"status-publish","4":"format-standard","5":"has-post-thumbnail","7":"category-nancy","8":"tag-actu","9":"tag-actualites","10":"tag-eu","11":"tag-europe","12":"tag-fr","13":"tag-france","14":"tag-grand-est","15":"tag-nancy","16":"tag-news","17":"tag-republique-francaise","18":"tag-societe","19":"tag-spectacles"},"share_on_mastodon":{"url":"https:\/\/pubeurope.com\/@fr\/115659913543545640","error":""},"_links":{"self":[{"href":"https:\/\/www.europesays.com\/fr\/wp-json\/wp\/v2\/posts\/576966","targetHints":{"allow":["GET"]}}],"collection":[{"href":"https:\/\/www.europesays.com\/fr\/wp-json\/wp\/v2\/posts"}],"about":[{"href":"https:\/\/www.europesays.com\/fr\/wp-json\/wp\/v2\/types\/post"}],"author":[{"embeddable":true,"href":"https:\/\/www.europesays.com\/fr\/wp-json\/wp\/v2\/users\/2"}],"replies":[{"embeddable":true,"href":"https:\/\/www.europesays.com\/fr\/wp-json\/wp\/v2\/comments?post=576966"}],"version-history":[{"count":0,"href":"https:\/\/www.europesays.com\/fr\/wp-json\/wp\/v2\/posts\/576966\/revisions"}],"wp:featuredmedia":[{"embeddable":true,"href":"https:\/\/www.europesays.com\/fr\/wp-json\/wp\/v2\/media\/576967"}],"wp:attachment":[{"href":"https:\/\/www.europesays.com\/fr\/wp-json\/wp\/v2\/media?parent=576966"}],"wp:term":[{"taxonomy":"category","embeddable":true,"href":"https:\/\/www.europesays.com\/fr\/wp-json\/wp\/v2\/categories?post=576966"},{"taxonomy":"post_tag","embeddable":true,"href":"https:\/\/www.europesays.com\/fr\/wp-json\/wp\/v2\/tags?post=576966"}],"curies":[{"name":"wp","href":"https:\/\/api.w.org\/{rel}","templated":true}]}}