{"id":576970,"date":"2025-12-04T06:39:11","date_gmt":"2025-12-04T06:39:11","guid":{"rendered":"https:\/\/www.europesays.com\/fr\/576970\/"},"modified":"2025-12-04T06:39:11","modified_gmt":"2025-12-04T06:39:11","slug":"la-tpe-pradetane-plastic-et-fils-transforme-le-dechet-en-un-objet-de-valeur","status":"publish","type":"post","link":"https:\/\/www.europesays.com\/fr\/576970\/","title":{"rendered":"La TPE prad\u00e9tane Plastic et fils transforme le d\u00e9chet en un objet de valeur"},"content":{"rendered":"<p class=\"fs-5 \">Dylan Casasnovas, le cofondateur de Plastic et fils, n\u2019avait pr\u00e9vu ni costume ni discours \u00e0 l\u2019occasion de la grande finale r\u00e9gionale des troph\u00e9es CPME des entrepreneurs positifs \u00e0 Marseille. Le designer de formation \u00e0 l\u2019origine, en 2022, avec son associ\u00e9 Chris Belmonte, de l\u2019entreprise Plastic et fils, est venu tel qu\u2019il est : un jeune entrepreneur en baskets et casquette. \u00ab Mais une fois sur sc\u00e8ne j\u2019ai trouv\u00e9 les mots ! \u00bb, se souvient le cr\u00e9ateur de mobilier en plastique recycl\u00e9, qui a r\u00e9cup\u00e9r\u00e9 au passage le Prix de l\u2019\u00e9co-responsabilit\u00e9.<\/p>\n<p class=\"fs-5 \">Et on comprend pourquoi. Install\u00e9e en rez-de-chauss\u00e9e d\u2019une r\u00e9sidence du Pradet, la TPE a recycl\u00e9 1,5 tonne de plastique r\u00e9colt\u00e9e aupr\u00e8s des r\u00e9sidants depuis 3 ans, pour le transformer en mobilier ou objet de d\u00e9coration. \u00ab \u00c0 l\u2019\u00e9chelle de la plan\u00e8te ce n\u2019est vraiment rien \u00bb, assure le chef d\u2019entreprise qui avec son associ\u00e9 a investi dans un beau parc de machines, pour pouvoir fondre la mati\u00e8re plastique et la transformer, afin de cr\u00e9er des pi\u00e8ces originales, toujours color\u00e9es et surtout d\u2019une grande \u00e9l\u00e9gance, bien loin de l\u2019image \u00ab bas de gamme \u00bb des objets en plastique. <\/p>\n<p class=\"fs-5 \">\u00ab L\u2019id\u00e9e c\u2019est de transformer le d\u00e9chet en un objet de valeur qu\u2019il serait dommage d\u2019envoyer en enfouissement \u00bb, d\u00e9taille Dylan Casasnovas pour qui la finalit\u00e9 est de d\u00e9montrer \u00ab qu\u2019il n\u2019est plus n\u00e9cessaire de produire encore du plastique, il y a d\u00e9j\u00e0 des quantit\u00e9s suffisantes que nous pouvons r\u00e9utiliser \u00bb.<\/p>\n<p class=\"fs-5 \">Au point que Plastic et fils ach\u00e8te des panneaux de plastique recycl\u00e9 aupr\u00e8s de fournisseurs sp\u00e9cialis\u00e9s, tels que Le Pav\u00e9, pour r\u00e9aliser ses cr\u00e9ations.<\/p>\n<p>                                                                                Poubelle Sea you<\/p>\n<p class=\"fs-5 \">Comme la fameuse Sea you, poubelle de plage en d\u00e9chets plastiques recycl\u00e9s inspir\u00e9e par le projet d\u2019\u00e9tudes du designer dans le cadre de son cursus \u00e0 l\u2019\u00e9cole cantonale d\u2019art de Lausanne, qui a s\u00e9duit Le Cercle des nageurs, \u00e0 Marseille.<\/p>\n<p class=\"fs-5 \">\u00ab C\u2019\u00e9tait nos premiers clients et aujourd\u2019hui ils nous ont demand\u00e9 de petites poubelles murales \u00bb, pr\u00e9cise l\u2019entrepreneur. D\u2019autres march\u00e9s ont suivi, dont celui d\u2019un grand nom de la haute couture qui a command\u00e9 une \u00e9tag\u00e8re ou encore le flamant rose g\u00e9ant cr\u00e9\u00e9 pour la f\u00eate des salins d\u2019Hy\u00e8res \u00e0 la demande de Toulon Provence M\u00e9diterran\u00e9e. Aujourd\u2019hui Plastic et fils \u00ab g\u00e9n\u00e8re un petit b\u00e9n\u00e9fice, \u00e0 partir d\u2019un chiffre d\u2019affaires de 40 000 euros \u00bb.<\/p>\n<p class=\"fs-5 \">Et ne veut pas forc\u00e9ment grandir. \u00ab Passer du temps \u00e0 designer c\u2019est b\u00e9n\u00e9fique pour l\u2019objet. Le but est de demeurer \u00e0 un stade artisanal, pour tisser un lien avec les personnes \u00e0 travers l\u2019objet \u00bb, poursuit le chef d\u2019entreprise en plein d\u00e9veloppement d\u2019un projet avec des jeunes en situation de handicap de l\u2019Institut d\u2019\u00c9ducation Motrice de Pomponiana \u00e0 Hy\u00e8res, consistant \u00e0 cr\u00e9er des tomettes en plastique color\u00e9es pour laisser leur signature sur les murs de l\u2019\u00e9tablissement qu\u2019ils vont bient\u00f4t quitter.<\/p>\n<p class=\"fs-5 \">Plastic et fils est n\u00e9e \u00e0 l\u2019origine d\u2019un projet de maison de plage en plastique recycl\u00e9, finalement balay\u00e9 par la pand\u00e9mie en 2020. \u00ab Mais la graine avait germ\u00e9 ! \u00bb Comme les d\u00e9chets, cette initiative avort\u00e9e a trouv\u00e9 une seconde vie.<\/p>\n","protected":false},"excerpt":{"rendered":"Dylan Casasnovas, le cofondateur de Plastic et fils, n\u2019avait pr\u00e9vu ni costume ni discours \u00e0 l\u2019occasion de la&hellip;\n","protected":false},"author":2,"featured_media":576971,"comment_status":"","ping_status":"","sticky":false,"template":"","format":"standard","meta":{"footnotes":""},"categories":[9619],"tags":[1111,11,1777,674,1011,27,12,882,25,2310],"class_list":{"0":"post-576970","1":"post","2":"type-post","3":"status-publish","4":"format-standard","5":"has-post-thumbnail","7":"category-toulon","8":"tag-actu","9":"tag-actualites","10":"tag-eu","11":"tag-europe","12":"tag-fr","13":"tag-france","14":"tag-news","15":"tag-provence-alpes-cote-dazur","16":"tag-republique-francaise","17":"tag-toulon"},"share_on_mastodon":{"url":"https:\/\/pubeurope.com\/@fr\/115659929327134957","error":""},"_links":{"self":[{"href":"https:\/\/www.europesays.com\/fr\/wp-json\/wp\/v2\/posts\/576970","targetHints":{"allow":["GET"]}}],"collection":[{"href":"https:\/\/www.europesays.com\/fr\/wp-json\/wp\/v2\/posts"}],"about":[{"href":"https:\/\/www.europesays.com\/fr\/wp-json\/wp\/v2\/types\/post"}],"author":[{"embeddable":true,"href":"https:\/\/www.europesays.com\/fr\/wp-json\/wp\/v2\/users\/2"}],"replies":[{"embeddable":true,"href":"https:\/\/www.europesays.com\/fr\/wp-json\/wp\/v2\/comments?post=576970"}],"version-history":[{"count":0,"href":"https:\/\/www.europesays.com\/fr\/wp-json\/wp\/v2\/posts\/576970\/revisions"}],"wp:featuredmedia":[{"embeddable":true,"href":"https:\/\/www.europesays.com\/fr\/wp-json\/wp\/v2\/media\/576971"}],"wp:attachment":[{"href":"https:\/\/www.europesays.com\/fr\/wp-json\/wp\/v2\/media?parent=576970"}],"wp:term":[{"taxonomy":"category","embeddable":true,"href":"https:\/\/www.europesays.com\/fr\/wp-json\/wp\/v2\/categories?post=576970"},{"taxonomy":"post_tag","embeddable":true,"href":"https:\/\/www.europesays.com\/fr\/wp-json\/wp\/v2\/tags?post=576970"}],"curies":[{"name":"wp","href":"https:\/\/api.w.org\/{rel}","templated":true}]}}