{"id":576973,"date":"2025-12-04T06:42:22","date_gmt":"2025-12-04T06:42:22","guid":{"rendered":"https:\/\/www.europesays.com\/fr\/576973\/"},"modified":"2025-12-04T06:42:22","modified_gmt":"2025-12-04T06:42:22","slug":"jeanne-et-roisin-chantent-a-lopera-junior-de-montpellier","status":"publish","type":"post","link":"https:\/\/www.europesays.com\/fr\/576973\/","title":{"rendered":"Jeanne et Roisin chantent \u00e0 l\u2019Op\u00e9ra junior de Montpellier"},"content":{"rendered":"<p>L\u2019Op\u00e9ra junior de Montpellier recevait r\u00e9cemment le prix Lilianne Bettencourt pour le chant choral, une prestigieuse r\u00e9compense. Parmis la troupe des 47 membres \u00e2g\u00e9s de 15 \u00e0 24 ans se trouvent Jeanne Bories-Jefferies et Roisin Sharp, deux lyc\u00e9ennes de Caux. R\u00e9cemment, elles se sont rendues \u00e0 Paris avec les autres, afin de recevoir le prix. C\u2019\u00e9tait l\u2019occasion de se produire dans l\u2019imposante salle de la Coupole de l\u2019Institut de France, un moment vertigineux. Le ch\u0153ur a interpr\u00e9t\u00e9 deux \u0153uvres chorales contemporaines : Kondalilla du compositeur australien Stephen Leek et deux extraits de La Messe (Introit &amp; Kyrie de l\u2019Am\u00e9ricain Steve Dobrogosz.<\/p>\n<p>Enr\u00f4l\u00e9es dans le chant choral depuis leur ann\u00e9e de 6e, les deux jeunes filles aujourd\u2019hui en seconde n\u2019envisagent pas d\u2019arr\u00eater l\u2019Op\u00e9ra Junior, tant que les r\u00e9p\u00e9titions et les concerts resteront conciliables avec leurs \u00e9tudes.<\/p>\n<p>D\u2019o\u00f9 vient ce go\u00fbt pour l\u2019op\u00e9ra ? \u00ab\u00a0J\u2019aime le chant lyrique depuis petite. Mes parents m\u2019ont souvent amen\u00e9e \u00e0 l\u2019op\u00e9ra, explique Jeanne. \u00c7a ne s\u2019apprend pas partout. J\u2019aime aussi le fait d\u2019\u00eatre en contact avec des professionnels comme les metteurs en sc\u00e8ne, chor\u00e9graphes, chefs de ch\u0153ur. Je trouve \u00e7a g\u00e9nial de pouvoir partager avec \u00e7a avec d\u2019autres jeunes.\u00a0\u00bb<\/p>\n<p>En d\u00e9cembre, leur chorale donne trois concerts de l\u2019Avent dans la r\u00e9gion, dont ce samedi au Corum \u00e0 Montpellier et le 14 d\u00e9cembre \u00e0 Saint-Cl\u00e9ment-de-Rivi\u00e8re. Au mois de mai, elle jouera la com\u00e9die musicale Magdalena d\u2019Heitor Villa-Lobos \u00e0 l\u2019Op\u00e9ra Com\u00e9die de Montpellier.<\/p>\n","protected":false},"excerpt":{"rendered":"L\u2019Op\u00e9ra junior de Montpellier recevait r\u00e9cemment le prix Lilianne Bettencourt pour le chant choral, une prestigieuse r\u00e9compense. Parmis&hellip;\n","protected":false},"author":2,"featured_media":576974,"comment_status":"","ping_status":"","sticky":false,"template":"","format":"standard","meta":{"footnotes":""},"categories":[9599],"tags":[1111,11,69135,1057,1777,674,1011,27,7089,2208,12,2680,25],"class_list":{"0":"post-576973","1":"post","2":"type-post","3":"status-publish","4":"format-standard","5":"has-post-thumbnail","7":"category-montpellier","8":"tag-actu","9":"tag-actualites","10":"tag-caux","11":"tag-education","12":"tag-eu","13":"tag-europe","14":"tag-fr","15":"tag-france","16":"tag-herault","17":"tag-montpellier","18":"tag-news","19":"tag-occitanie","20":"tag-republique-francaise"},"share_on_mastodon":{"url":"https:\/\/pubeurope.com\/@fr\/115659941157817410","error":""},"_links":{"self":[{"href":"https:\/\/www.europesays.com\/fr\/wp-json\/wp\/v2\/posts\/576973","targetHints":{"allow":["GET"]}}],"collection":[{"href":"https:\/\/www.europesays.com\/fr\/wp-json\/wp\/v2\/posts"}],"about":[{"href":"https:\/\/www.europesays.com\/fr\/wp-json\/wp\/v2\/types\/post"}],"author":[{"embeddable":true,"href":"https:\/\/www.europesays.com\/fr\/wp-json\/wp\/v2\/users\/2"}],"replies":[{"embeddable":true,"href":"https:\/\/www.europesays.com\/fr\/wp-json\/wp\/v2\/comments?post=576973"}],"version-history":[{"count":0,"href":"https:\/\/www.europesays.com\/fr\/wp-json\/wp\/v2\/posts\/576973\/revisions"}],"wp:featuredmedia":[{"embeddable":true,"href":"https:\/\/www.europesays.com\/fr\/wp-json\/wp\/v2\/media\/576974"}],"wp:attachment":[{"href":"https:\/\/www.europesays.com\/fr\/wp-json\/wp\/v2\/media?parent=576973"}],"wp:term":[{"taxonomy":"category","embeddable":true,"href":"https:\/\/www.europesays.com\/fr\/wp-json\/wp\/v2\/categories?post=576973"},{"taxonomy":"post_tag","embeddable":true,"href":"https:\/\/www.europesays.com\/fr\/wp-json\/wp\/v2\/tags?post=576973"}],"curies":[{"name":"wp","href":"https:\/\/api.w.org\/{rel}","templated":true}]}}