{"id":576981,"date":"2025-12-04T06:48:37","date_gmt":"2025-12-04T06:48:37","guid":{"rendered":"https:\/\/www.europesays.com\/fr\/576981\/"},"modified":"2025-12-04T06:48:37","modified_gmt":"2025-12-04T06:48:37","slug":"un-homme-non-identifie-et-touche-par-balles-retrouve-mort-pres-de-grenoble","status":"publish","type":"post","link":"https:\/\/www.europesays.com\/fr\/576981\/","title":{"rendered":"Un homme\u00a0non identifi\u00e9 et touch\u00e9 par balles retrouv\u00e9 mort pr\u00e8s de Grenoble"},"content":{"rendered":"<p>Un homme non identifi\u00e9, touch\u00e9 par deux impacts de balles a \u00e9t\u00e9 <a href=\"https:\/\/nimes.maville.com\/actu\/actudet_-trafic-de-drogue-guerre-des-gangs-...-pourquoi-grenoble-est-en-proie-a-la-violence-depuis-des-mois-_54135-6456808_actu.Htm\" target=\"_self\" rel=\"noopener\">retrouv\u00e9 mort<\/a> dans la nuit de mardi \u00e0 mercredi 3\u00a0d\u00e9cembre 2025 \u00e0 \u00c9chirolles, <a href=\"https:\/\/nimes.maville.com\/actu\/actudet_-narcotrafic-douze-arrestations-apres-une-operation-de-police-majeure-en-banlieue-de-grenoble-_54135-7084672_actu.Htm\" target=\"_self\" rel=\"noopener\">en p\u00e9riph\u00e9rie de Grenoble (Is\u00e8re)<\/a>, a indiqu\u00e9 la police cit\u00e9e par l\u2019Agence France-Presse (AFP).<\/p>\n<p>D\u00e9couvert par une passante<\/p>\n<p>L\u2019homme a \u00e9t\u00e9 retrouv\u00e9 par une passante, vers 2\u00a0h, gisant inanim\u00e9 au sol dans une mare de sang, la m\u00e2choire bris\u00e9e, avec une trottinette \u00e0 ses pieds. En arr\u00eat cardio-respiratoire, il a \u00e9t\u00e9 d\u00e9clar\u00e9 d\u00e9c\u00e9d\u00e9 sur place par le Samu.<\/p>\n<p>Deux impacts de balles au niveau du dos et de la m\u00e2choire ont \u00e9t\u00e9 relev\u00e9s par un m\u00e9decin l\u00e9giste, selon cette m\u00eame la source. La Division de la criminalit\u00e9 organis\u00e9e et sp\u00e9cialis\u00e9e (DCOS, ex-PJ) a \u00e9t\u00e9 saisie de l\u2019enqu\u00eate.<\/p>\n<p>\u00a0<\/p>\n","protected":false},"excerpt":{"rendered":"Un homme non identifi\u00e9, touch\u00e9 par deux impacts de balles a \u00e9t\u00e9 retrouv\u00e9 mort dans la nuit de&hellip;\n","protected":false},"author":2,"featured_media":576982,"comment_status":"","ping_status":"","sticky":false,"template":"","format":"standard","meta":{"footnotes":""},"categories":[9566],"tags":[1111,11,1438,2430,7951,1777,674,1011,27,2731,4933,48242,18,12,2828,3762,25,4256,8066],"class_list":{"0":"post-576981","1":"post","2":"type-post","3":"status-publish","4":"format-standard","5":"has-post-thumbnail","7":"category-grenoble","8":"tag-actu","9":"tag-actualites","10":"tag-angers","11":"tag-auvergne-rhone-alpes","12":"tag-balles","13":"tag-eu","14":"tag-europe","15":"tag-fr","16":"tag-france","17":"tag-grenoble","18":"tag-homme","19":"tag-identifie","20":"tag-mort","21":"tag-news","22":"tag-non","23":"tag-pres","24":"tag-republique-francaise","25":"tag-retrouve","26":"tag-touche"},"share_on_mastodon":{"url":"https:\/\/pubeurope.com\/@fr\/115659964707663843","error":""},"_links":{"self":[{"href":"https:\/\/www.europesays.com\/fr\/wp-json\/wp\/v2\/posts\/576981","targetHints":{"allow":["GET"]}}],"collection":[{"href":"https:\/\/www.europesays.com\/fr\/wp-json\/wp\/v2\/posts"}],"about":[{"href":"https:\/\/www.europesays.com\/fr\/wp-json\/wp\/v2\/types\/post"}],"author":[{"embeddable":true,"href":"https:\/\/www.europesays.com\/fr\/wp-json\/wp\/v2\/users\/2"}],"replies":[{"embeddable":true,"href":"https:\/\/www.europesays.com\/fr\/wp-json\/wp\/v2\/comments?post=576981"}],"version-history":[{"count":0,"href":"https:\/\/www.europesays.com\/fr\/wp-json\/wp\/v2\/posts\/576981\/revisions"}],"wp:featuredmedia":[{"embeddable":true,"href":"https:\/\/www.europesays.com\/fr\/wp-json\/wp\/v2\/media\/576982"}],"wp:attachment":[{"href":"https:\/\/www.europesays.com\/fr\/wp-json\/wp\/v2\/media?parent=576981"}],"wp:term":[{"taxonomy":"category","embeddable":true,"href":"https:\/\/www.europesays.com\/fr\/wp-json\/wp\/v2\/categories?post=576981"},{"taxonomy":"post_tag","embeddable":true,"href":"https:\/\/www.europesays.com\/fr\/wp-json\/wp\/v2\/tags?post=576981"}],"curies":[{"name":"wp","href":"https:\/\/api.w.org\/{rel}","templated":true}]}}