{"id":576983,"date":"2025-12-04T06:49:12","date_gmt":"2025-12-04T06:49:12","guid":{"rendered":"https:\/\/www.europesays.com\/fr\/576983\/"},"modified":"2025-12-04T06:49:12","modified_gmt":"2025-12-04T06:49:12","slug":"evacuation-en-cours-du-batiment-du-departement-dille-et-vilaine-occupe-par-140-personnes","status":"publish","type":"post","link":"https:\/\/www.europesays.com\/fr\/576983\/","title":{"rendered":"\u00e9vacuation en cours du b\u00e2timent du D\u00e9partement d&rsquo;Ille-et-Vilaine occup\u00e9 par 140 personnes"},"content":{"rendered":"<p>                    Par<br \/>\n        <strong><br \/>\n            <a href=\"https:\/\/actu.fr\/auteur\/brian-legoff\" title=\"Consulter tous les articles de Brian Le Goff\" target=\"_blank\" rel=\"noopener\">Brian Le Goff<\/a><br \/>\n                    <\/strong><\/p>\n<p>        Publi\u00e9 le<\/p>\n<p>            4 d\u00e9c. 2025 \u00e0 7h27        <\/p>\n<p>Le <a href=\"https:\/\/actu.fr\/bretagne\/rennes_35238\/migrants-a-rennes-le-tribunal-administratif-ordonne-l-evacuation-de-l-espace-commun-simone-iff_63463517.html\" target=\"_blank\" rel=\"noopener\">d\u00e9lai est arriv\u00e9 \u00e0 son terme<\/a> et il n\u2019aura pas fallu plus longtemps pour que les autorit\u00e9s entreprennent l\u2019expulsion des <strong>140 migrants, dont 60\u00a0enfants<\/strong> \u2013 selon les collectifs de soutien \u2013 qui occupent l\u2019espace social commun Simone Iff depuis mercredi 29\u00a0octobre, apr\u00e8s avoir \u00e9t\u00e9 <a href=\"https:\/\/actu.fr\/bretagne\/rennes_35238\/evacuation-des-migrants-du-parc-de-maurepas-a-rennes-je-suis-triste-mon-avenir-est-incertain_63339490.html\" target=\"_blank\" rel=\"noopener\">\u00e9vacu\u00e9s du campement du parc de Maurepas, le jeudi 23\u00a0octobre dernier<\/a>.<\/p>\n<p>Une expulsion demand\u00e9e par le D\u00e9partement<\/p>\n<p class=\" wall-content\"><strong>Depuis les environs de 7h, ce jeudi 4\u00a0d\u00e9cembre,<\/strong> la police a p\u00e9n\u00e9tr\u00e9 dans les locaux de ce b\u00e2timent du <a href=\"https:\/\/actu.fr\/bretagne\/rennes_35238\/rennes-le-departement-demande-l-expulsion-sans-delai-des-migrants-de-l-espace-social-simone-iff_63457998.html\" target=\"_blank\" rel=\"noopener\">d\u00e9partement d\u2019Ille-et-Vilaine, qui avait demand\u00e9 le d\u00e9part des migrants<\/a>. Quelques minutes plus t\u00f4t, des enfants dormaient encore sur des matelas \u00e0 m\u00eame le sol, \u00e0 l\u2019abri du froid et de la pluie.<\/p>\n<p class=\" wall-content\">Selon notre journaliste sur place, les autorit\u00e9s organisent l\u2019espace afin d\u2019y organiser l\u2019orientation des personnes \u00e0 la rue. <strong>Des tables sont install\u00e9es<\/strong> derri\u00e8re lesquelles vont prendre place des membres de l\u2019administration pour traiter chaque situation personnelle.<\/p>\n<p>Rassemblement de syndicats \u00e0 l\u2019ext\u00e9reur<\/p>\n<p class=\" wall-content\">Tout se d\u00e9roule <strong>dans le calme.<\/strong> Dehors, plusieurs v\u00e9hicules de forces de l\u2019ordre sont donc arriv\u00e9s, comme un bus, qui devrait servir \u00e0 l\u2019\u00e9vacuation des migrants<\/p>\n<p class=\" wall-content\">Un rassemblement des syndicats CGT et Sud \u00e0 l\u2019ext\u00e9rieur du b\u00e2timent, boucl\u00e9 par les forces de l\u2019ordre, est \u00e9galement constat\u00e9 par notre journaliste, encore \u00e0 l\u2019int\u00e9rieur.<\/p>\n<p class=\" wall-content\"><strong>Plus d\u2019informations \u00e0 venir\u2026 (Rafra\u00eechissez la page ou revenez r\u00e9guli\u00e8rement sur notre article pour suivre l\u2019\u00e9volution de la situation)<\/strong><\/p>\n<p class=\" wall-content\">Personnalisez votre actualit\u00e9 en ajoutant vos villes et m\u00e9dias en favori avec <a href=\"https:\/\/moncompte.actu.fr\" title=\"D\u00e9couvez Mon Actu\" rel=\"nofollow noopener\" data-trk=\"{&quot;cta&quot;:{&quot;action&quot;:&quot;https:\\\/\\\/moncompte.actu.fr&quot;,&quot;category&quot;:&quot;mon compte&quot;,&quot;from&quot;:&quot;article footer&quot;,&quot;name&quot;:&quot;Mon actu&quot;,&quot;type&quot;:&quot;cta&quot;}}\" target=\"_blank\">Mon Actu<\/a>.<\/p>\n","protected":false},"excerpt":{"rendered":"Par Brian Le Goff Publi\u00e9 le 4 d\u00e9c. 2025 \u00e0 7h27 Le d\u00e9lai est arriv\u00e9 \u00e0 son terme&hellip;\n","protected":false},"author":2,"featured_media":576984,"comment_status":"","ping_status":"","sticky":false,"template":"","format":"standard","meta":{"footnotes":""},"categories":[2821],"tags":[1111,11,829,1777,674,1011,27,1251,12,1072,584,25,104],"class_list":{"0":"post-576983","1":"post","2":"type-post","3":"status-publish","4":"format-standard","5":"has-post-thumbnail","7":"category-rennes","8":"tag-actu","9":"tag-actualites","10":"tag-bretagne","11":"tag-eu","12":"tag-europe","13":"tag-fr","14":"tag-france","15":"tag-migrants","16":"tag-news","17":"tag-police","18":"tag-rennes","19":"tag-republique-francaise","20":"tag-societe"},"share_on_mastodon":{"url":"https:\/\/pubeurope.com\/@fr\/115659968635590594","error":""},"_links":{"self":[{"href":"https:\/\/www.europesays.com\/fr\/wp-json\/wp\/v2\/posts\/576983","targetHints":{"allow":["GET"]}}],"collection":[{"href":"https:\/\/www.europesays.com\/fr\/wp-json\/wp\/v2\/posts"}],"about":[{"href":"https:\/\/www.europesays.com\/fr\/wp-json\/wp\/v2\/types\/post"}],"author":[{"embeddable":true,"href":"https:\/\/www.europesays.com\/fr\/wp-json\/wp\/v2\/users\/2"}],"replies":[{"embeddable":true,"href":"https:\/\/www.europesays.com\/fr\/wp-json\/wp\/v2\/comments?post=576983"}],"version-history":[{"count":0,"href":"https:\/\/www.europesays.com\/fr\/wp-json\/wp\/v2\/posts\/576983\/revisions"}],"wp:featuredmedia":[{"embeddable":true,"href":"https:\/\/www.europesays.com\/fr\/wp-json\/wp\/v2\/media\/576984"}],"wp:attachment":[{"href":"https:\/\/www.europesays.com\/fr\/wp-json\/wp\/v2\/media?parent=576983"}],"wp:term":[{"taxonomy":"category","embeddable":true,"href":"https:\/\/www.europesays.com\/fr\/wp-json\/wp\/v2\/categories?post=576983"},{"taxonomy":"post_tag","embeddable":true,"href":"https:\/\/www.europesays.com\/fr\/wp-json\/wp\/v2\/tags?post=576983"}],"curies":[{"name":"wp","href":"https:\/\/api.w.org\/{rel}","templated":true}]}}