{"id":576987,"date":"2025-12-04T06:51:15","date_gmt":"2025-12-04T06:51:15","guid":{"rendered":"https:\/\/www.europesays.com\/fr\/576987\/"},"modified":"2025-12-04T06:51:15","modified_gmt":"2025-12-04T06:51:15","slug":"le-festival-du-faire-soi-meme-revient-ce-week-end-aux-ateliers-eclaires","status":"publish","type":"post","link":"https:\/\/www.europesays.com\/fr\/576987\/","title":{"rendered":"le festival du \u201cfaire soi-m\u00eame\u201d revient ce week-end aux Ateliers \u00e9clair\u00e9s"},"content":{"rendered":"<p>Atelier de d\u00e9coration de No\u00ebl, de gravure, circuit de billes g\u00e9ant, impression 3D, exp\u00e9riences ludiques et num\u00e9riques\u2026 Ce week-end du 6 et 7\u00a0d\u00e9cembre, les Ateliers \u00e9clair\u00e9s accueillent <a href=\"https:\/\/www.dna.fr\/culture-loisirs\/2024\/12\/07\/le-makerland-installe-noel-aux-ateliers-eclaires\" target=\"_blank\" rel=\"noopener\">le festival Makerland<\/a>, organis\u00e9 par l\u2019association AV Lab. Plus d\u2019une soixantaine d\u2019artisans et d\u2019artistes locaux seront pr\u00e9sents \u00e0 cet \u00e9v\u00e9nement qui pr\u00f4ne le \u201cfaire soi-m\u00eame\u201d et le \u201cfaire ensemble\u201d.<\/p>\n<p>Ce contenu est bloqu\u00e9 car vous n&rsquo;avez pas accept\u00e9 les cookies et autres traceurs.<\/p>\n<p>En cliquant sur \u00ab J\u2019accepte \u00bb, les cookies et autres traceurs seront d\u00e9pos\u00e9s et vous pourrez visualiser les contenus  (<a href=\"\" class=\"consentModule_policy\" target=\"_blank\" title=\"Consulter la politique de protection des donn\u00e9es du fournisseur\">plus d&rsquo;informations<\/a>).<\/p>\n<p>En cliquant sur \u00ab J\u2019accepte tous les cookies \u00bb, vous autorisez des d\u00e9p\u00f4ts de cookies et autres traceurs pour le stockage de vos donn\u00e9es sur nos sites et applications \u00e0 des fins de personnalisation et de ciblage publicitaire.<\/p>\n<p class=\"consentModule_secondaryText\">Vous gardez la possibilit\u00e9 de retirer votre consentement \u00e0 tout moment en consultant notre <a href=\"https:\/\/www.dna.fr\/protection-des-donnees\" target=\"_blank\" title=\"Consulter notre politique de protection des donn\u00e9es\" rel=\"noopener\">politique de protection des donn\u00e9es<\/a>. <br \/>&#13;<br \/>\n            <a href=\"https:\/\/www.dna.fr\/culture-loisirs\/2025\/12\/04\/javascript:Didomi.notice.show()\" class=\"consentModule_cmp\" target=\"_blank\" rel=\"noopener\">G\u00e9rer mes choix<\/a>&#13;\n        <\/p>\n<p>&#13;<br \/>\n                        J&rsquo;accepte&#13;<br \/>\n            J&rsquo;accepte tous les cookies&#13;\n        <\/p>\n<p>Petits et grands pourront ainsi d\u00e9couvrir l\u2019art de la forge avec un ferronnier d\u2019art, la cr\u00e9ation de jeux vid\u00e9o avec <a href=\"https:\/\/www.dna.fr\/culture-loisirs\/2024\/01\/29\/random-bazar-defend-le-jeu-video-comme-art-et-outil-pedagogique\" target=\"_blank\" rel=\"noopener\">l\u2019association Random Bazar<\/a> ou se lancer dans la personnalisation de boules de No\u00ebl.<\/p>\n<p>  Soixante artistes et artisans<\/p>\n<p>Les r\u00e9sidents des Ateliers \u00e9clair\u00e9s (studio de design, \u00e9cole de glisse, fabricants de v\u00e9los,\u00a0etc.) et des cr\u00e9ateurs proposeront \u00e9galement des \u0153uvres, bijoux recycl\u00e9s et v\u00eatements upcycl\u00e9s dans un march\u00e9 de No\u00ebl artisanal. De quoi d\u00e9nicher des cadeaux de No\u00ebl \u00e9coresponsables. Il sera \u00e9galement possible de donner des cadeaux \u00e0 destination des enfants du Port-du-Rhin.<\/p>\n<p>Le week-end sera rythm\u00e9 par des animations telles qu\u2019une comp\u00e9tition du jeu vid\u00e9o Mario Kart, une chorale ou d\u2019\u00e9tranges machines. Une offre de restaurations sera assur\u00e9e par les habitants du quartier avec des bredele maisons, du vin chaud et des bi\u00e8res locales.<\/p>\n<p class=\"note\">Gratuit. Les 6 et 7\u00a0d\u00e9cembre (14\u00a0h \u00e0 19\u00a0h) aux Ateliers \u00e9clair\u00e9s, 4 rue de la Coop\u00e9rative \u00e0 Strasbourg. Plus d\u2019informations sur\u00a0www.maker-land.com<\/p>\n","protected":false},"excerpt":{"rendered":"Atelier de d\u00e9coration de No\u00ebl, de gravure, circuit de billes g\u00e9ant, impression 3D, exp\u00e9riences ludiques et num\u00e9riques\u2026 Ce&hellip;\n","protected":false},"author":2,"featured_media":576988,"comment_status":"","ping_status":"","sticky":false,"template":"","format":"standard","meta":{"footnotes":""},"categories":[2820],"tags":[1111,11,1477,1687,33,2880,1777,674,107,1685,1011,27,775,12,25,640,2879],"class_list":{"0":"post-576987","1":"post","2":"type-post","3":"status-publish","4":"format-standard","5":"has-post-thumbnail","7":"category-strasbourg","8":"tag-actu","9":"tag-actualites","10":"tag-artisanat","11":"tag-culture-loisirs","12":"tag-economie","13":"tag-edition-strasbourg","14":"tag-eu","15":"tag-europe","16":"tag-fil-info","17":"tag-foire-et-salon","18":"tag-fr","19":"tag-france","20":"tag-grand-est","21":"tag-news","22":"tag-republique-francaise","23":"tag-strasbourg","24":"tag-strasbourg-ville"},"share_on_mastodon":{"url":"https:\/\/pubeurope.com\/@fr\/115659976430147476","error":""},"_links":{"self":[{"href":"https:\/\/www.europesays.com\/fr\/wp-json\/wp\/v2\/posts\/576987","targetHints":{"allow":["GET"]}}],"collection":[{"href":"https:\/\/www.europesays.com\/fr\/wp-json\/wp\/v2\/posts"}],"about":[{"href":"https:\/\/www.europesays.com\/fr\/wp-json\/wp\/v2\/types\/post"}],"author":[{"embeddable":true,"href":"https:\/\/www.europesays.com\/fr\/wp-json\/wp\/v2\/users\/2"}],"replies":[{"embeddable":true,"href":"https:\/\/www.europesays.com\/fr\/wp-json\/wp\/v2\/comments?post=576987"}],"version-history":[{"count":0,"href":"https:\/\/www.europesays.com\/fr\/wp-json\/wp\/v2\/posts\/576987\/revisions"}],"wp:featuredmedia":[{"embeddable":true,"href":"https:\/\/www.europesays.com\/fr\/wp-json\/wp\/v2\/media\/576988"}],"wp:attachment":[{"href":"https:\/\/www.europesays.com\/fr\/wp-json\/wp\/v2\/media?parent=576987"}],"wp:term":[{"taxonomy":"category","embeddable":true,"href":"https:\/\/www.europesays.com\/fr\/wp-json\/wp\/v2\/categories?post=576987"},{"taxonomy":"post_tag","embeddable":true,"href":"https:\/\/www.europesays.com\/fr\/wp-json\/wp\/v2\/tags?post=576987"}],"curies":[{"name":"wp","href":"https:\/\/api.w.org\/{rel}","templated":true}]}}