{"id":576989,"date":"2025-12-04T06:52:13","date_gmt":"2025-12-04T06:52:13","guid":{"rendered":"https:\/\/www.europesays.com\/fr\/576989\/"},"modified":"2025-12-04T06:52:13","modified_gmt":"2025-12-04T06:52:13","slug":"les-temoignages-poignants-de-deux-combattants","status":"publish","type":"post","link":"https:\/\/www.europesays.com\/fr\/576989\/","title":{"rendered":"les t\u00e9moignages poignants de deux \u201ccombattants\u201d"},"content":{"rendered":"<p>Dans les couloirs du service onco-h\u00e9matologie p\u00e9diatrique de l\u2019h\u00f4pital de Hautepierre \u00e0 Strasbourg, deux clowns d\u00e9ambulent. L\u2019une d\u2019elles porte des soutiens-gorge sur la t\u00eate et les fesses. Elles viennent mettre un peu de l\u00e9g\u00e8ret\u00e9 dans le quotidien des enfants malades.<\/p>\n<p>Allong\u00e9e dans son lit, Imen, 19 ans, les regarde passer. Elle est arriv\u00e9e la veille pour son cycle de chimioth\u00e9rapie, le sixi\u00e8me depuis septembre. Ses yeux cern\u00e9s trahissent sa fatigue. Sa t\u00eate repose sur un ours en peluche qui ne la quitte plus. L\u2019\u00e9tudiante est atteinte d\u2019un sarcome \u00e0 cellules claires m\u00e9tastatique. Le diagnostic est tomb\u00e9 en mars. \u00ab\u00a0Au d\u00e9but, le cancer n\u2019\u00e9tait localis\u00e9 qu\u2019\u00e0 la hanche droite. Je devais faire de la radioth\u00e9rapie puis une op\u00e9ration. Mais les m\u00e9decins ont d\u00e9couvert par la suite plus de cinq m\u00e9tastases. Les mauvaises nouvelles se sont encha\u00een\u00e9es\u2026 C\u2019\u00e9tait tr\u00e8s dur\u00a0\u00bb, raconte-t-elle.<\/p>\n<p>Troisi\u00e8me cause de mortalit\u00e9<\/p>\n<p>Le sarcome \u00e0 cellules claires est une maladie rare\u00a0: moins de 6 cas pour 100\u00a0000&#8230;<\/p>\n","protected":false},"excerpt":{"rendered":"Dans les couloirs du service onco-h\u00e9matologie p\u00e9diatrique de l\u2019h\u00f4pital de Hautepierre \u00e0 Strasbourg, deux clowns d\u00e9ambulent. L\u2019une d\u2019elles&hellip;\n","protected":false},"author":2,"featured_media":576990,"comment_status":"","ping_status":"","sticky":false,"template":"","format":"standard","meta":{"footnotes":""},"categories":[2820],"tags":[1111,11,2389,2649,2880,1777,674,107,1011,27,775,12,25,71,640,2879],"class_list":{"0":"post-576989","1":"post","2":"type-post","3":"status-publish","4":"format-standard","5":"has-post-thumbnail","7":"category-strasbourg","8":"tag-actu","9":"tag-actualites","10":"tag-alsace","11":"tag-bas-rhin","12":"tag-edition-strasbourg","13":"tag-eu","14":"tag-europe","15":"tag-fil-info","16":"tag-fr","17":"tag-france","18":"tag-grand-est","19":"tag-news","20":"tag-republique-francaise","21":"tag-sante","22":"tag-strasbourg","23":"tag-strasbourg-ville"},"share_on_mastodon":{"url":"https:\/\/pubeurope.com\/@fr\/115659980421099623","error":""},"_links":{"self":[{"href":"https:\/\/www.europesays.com\/fr\/wp-json\/wp\/v2\/posts\/576989","targetHints":{"allow":["GET"]}}],"collection":[{"href":"https:\/\/www.europesays.com\/fr\/wp-json\/wp\/v2\/posts"}],"about":[{"href":"https:\/\/www.europesays.com\/fr\/wp-json\/wp\/v2\/types\/post"}],"author":[{"embeddable":true,"href":"https:\/\/www.europesays.com\/fr\/wp-json\/wp\/v2\/users\/2"}],"replies":[{"embeddable":true,"href":"https:\/\/www.europesays.com\/fr\/wp-json\/wp\/v2\/comments?post=576989"}],"version-history":[{"count":0,"href":"https:\/\/www.europesays.com\/fr\/wp-json\/wp\/v2\/posts\/576989\/revisions"}],"wp:featuredmedia":[{"embeddable":true,"href":"https:\/\/www.europesays.com\/fr\/wp-json\/wp\/v2\/media\/576990"}],"wp:attachment":[{"href":"https:\/\/www.europesays.com\/fr\/wp-json\/wp\/v2\/media?parent=576989"}],"wp:term":[{"taxonomy":"category","embeddable":true,"href":"https:\/\/www.europesays.com\/fr\/wp-json\/wp\/v2\/categories?post=576989"},{"taxonomy":"post_tag","embeddable":true,"href":"https:\/\/www.europesays.com\/fr\/wp-json\/wp\/v2\/tags?post=576989"}],"curies":[{"name":"wp","href":"https:\/\/api.w.org\/{rel}","templated":true}]}}