{"id":576995,"date":"2025-12-04T06:55:21","date_gmt":"2025-12-04T06:55:21","guid":{"rendered":"https:\/\/www.europesays.com\/fr\/576995\/"},"modified":"2025-12-04T06:55:21","modified_gmt":"2025-12-04T06:55:21","slug":"un-musee-michel-bassompierre-pourrait-ouvrir-en-2027-dans-le-pays-nantais","status":"publish","type":"post","link":"https:\/\/www.europesays.com\/fr\/576995\/","title":{"rendered":"Un mus\u00e9e Michel Bassompierre pourrait ouvrir en 2027 dans le pays nantais"},"content":{"rendered":"<p>                    Par<br \/>\n        <strong><br \/>\n            <a href=\"https:\/\/actu.fr\/auteur\/herve-pavageau\" title=\"Consulter tous les articles de Herv\u00e9 Pavageau\" target=\"_blank\" rel=\"noopener\">Herv\u00e9 Pavageau<\/a><br \/>\n                    <\/strong><\/p>\n<p>        Publi\u00e9 le<\/p>\n<p>            4 d\u00e9c. 2025 \u00e0 7h05        <\/p>\n<p>L\u2019\u00e9v\u00e9nement a fait salle comble. Un an apr\u00e8s <a href=\"https:\/\/actu.fr\/pays-de-la-loire\/vertou_44215\/cest-du-jamais-vu-a-vertou-lexposition-de-michel-bassompierre-deja-un-vrai-succes-populaire_62022298.html\" target=\"_blank\" rel=\"noopener\">l\u2019exposition \u00ab\u2009\u00c9l\u00e9gance animale<\/a>\u2009\u00bb, qui a attir\u00e9 entre 150\u2009000\u00a0et 200\u2009000 visiteurs, dont 40\u2009000\u00a0personnes au mus\u00e9e \u00e9ph\u00e9m\u00e8re du Moulin Gautron <b>\u00e0 Vertou<\/b>, une soir\u00e9e, organis\u00e9e en partenariat avec WWF, a \u00e9t\u00e9 consacr\u00e9e \u00e0 Michel Bassompierre, au cin\u00e9ma P\u00f4le Sud de <a href=\"https:\/\/actu.fr\/pays-de-la-loire\/basse-goulaine_44009\" target=\"_blank\" rel=\"noopener\">Basse-Goulaine<\/a>, en novembre dernier.<\/p>\n<p>Documentaire de France T\u00e9l\u00e9vision<\/p>\n<p class=\" wall-content\">En avant-premi\u00e8re, le documentaire de 52\u00a0minutes de France T\u00e9l\u00e9vision, consacr\u00e9 au <b>sculpteur animalier \u00e0 la renomm\u00e9e internationale<\/b>, a \u00e9t\u00e9 projet\u00e9 devant 450\u00a0personnes.<\/p>\n<p class=\" wall-content\">Pendant un an et demi, les \u00e9quipes de tournage ont suivi la cr\u00e9ation du gorille monumental \u00ab\u2009Le Majestueux\u2009\u00bb\u2009:<\/p>\n<blockquote class=\"ac-article-quote wall-content\">\n<p>De l\u2019intimit\u00e9 de la cr\u00e9ation dans l\u2019atelier du sculpteur animalier jusqu\u2019\u00e0 son installation sur Park Avenue \u00e0 New York, m\u00e9tropole monde qui accueille des \u0153uvres monumentales pendant un an.<\/p>\n<p>Kar\u00e8ne Bassompierre, en charge de la communication de l\u2019artiste.<\/p><\/blockquote>\n<p class=\" wall-content\">Intitul\u00e9 \u00ab\u2009Bassompierre, l\u2019esprit animal\u2009\u00bb, le film de Fabienne Rio, accessible en ligne sur la plateforme France TV, montre les diff\u00e9rentes \u00e9tapes artistiques du sculpteur mondialement connu qui a failli tout arr\u00eater il y a dix ans.<\/p>\n<p class=\" wall-content\">Et la ruche qui s\u2019anime aujourd\u2019hui autour de l\u2019artiste install\u00e9 <b>pr\u00e8s de Nantes<\/b>. Celle de son \u00e9quipe compos\u00e9e de dix personnes qui valorise aujourd\u2019hui tout le travail de Michel Bassompierre au gr\u00e9 d\u2019\u00e9v\u00e9nements et d\u2019expositions.<\/p>\n<p class=\" wall-content\">Le film qui montre l\u2019univers cr\u00e9atif du sculpteur met aussi en lumi\u00e8re l\u2019aventure humaine qui gravite autour de l\u2019artiste.<\/p>\n<p>Votre r\u00e9gion, votre actu !<\/p>\n<p>Recevez chaque jour les infos qui comptent pour vous.<\/p>\n<p>\t<a href=\"https:\/\/actu.fr\/newsletter\" class=\"ac-btn ac-btn--corner ac-btn--medium ac-btn--blue800\" target=\"_blank\" rel=\"noopener\">S&rsquo;incrire<\/a><\/p>\n<blockquote class=\"ac-article-quote wall-content\">\n<p>C\u2019est un film touchant car il met en avant l\u2019amour et l\u2019\u00e9nergie d\u2019une \u00e9quipe qui le porte au quotidien. Et qui lui laisse le temps de ne rien faire d\u2019autre que de cr\u00e9er.<\/p>\n<p>Kar\u00e8ne Bassompierre.<\/p><\/blockquote>\n<p>Un recrutement effectu\u00e9<\/p>\n<p class=\" wall-content\">Un environnement qui permet \u00e0 celui, qui aime se d\u00e9finir comme \u00ab\u2009le dernier ours du <b>marais de Goulaine<\/b>\u2009\u00bb, de passer le plus clair de son temps dans son atelier, le lieu \u00ab\u2009o\u00f9 il veut \u00eatre et se sent bien\u2009\u00bb.<\/p>\n<p class=\" wall-content\">Car entre les galeries, les conf\u00e9rences, les soir\u00e9es \u00e9v\u00e9nements comme celles de Basse-Goulaine durant laquelle le sculpteur animalier a cr\u00e9\u00e9 une \u0153uvre en direct, les dates et les projets s\u2019encha\u00eenent pour <a href=\"https:\/\/actu.fr\/pays-de-la-loire\/vertou_44215\/qui-est-michel-bassompierre-sculpteur-de-renom-qui-expose-pour-la-premiere-fois-pres-de-nantes_61858293.html\" target=\"_blank\" rel=\"noopener\">Michel Bassompierre<\/a> et son \u00e9quipe.<\/p>\n<p>    <img   decoding=\"async\" loading=\"lazy\" class=\"size-large\" src=\"https:\/\/www.europesays.com\/fr\/wp-content\/uploads\/2025\/12\/30356881de29614356881de29e7356v-960x640.jpg\" alt=\"Michel Bassompierre oeuvres ours\" width=\"960\" height=\"640\"\/><br \/>\n    Deux \u0153uvres de l\u2019artiste sont expos\u00e9es devant l\u2019entr\u00e9e du cin\u00e9ma P\u00f4le Sud \u00e0 Basse-Goulaine, jusqu\u2019\u00e0 d\u00e9but janvier. \u00a9Bassompierre<\/p>\n<p class=\" wall-content\">Le rendez-vous imm\u00e9diat est une grande exposition \u00e0 Crans-Montana.<\/p>\n<p class=\" wall-content\">La ville, nich\u00e9e<b> au c\u0153ur des Alpes suisses<\/b>, accueille actuellement sept \u0153uvres monumentales du sculpteur.<\/p>\n<p class=\" wall-content\">L\u2019esquisse la plus importante, c\u2019est la cr\u00e9ation d\u2019un mus\u00e9e du vivant de l\u2019artiste.<\/p>\n<p class=\" wall-content\">Toute l\u2019\u00e9quipe est mobilis\u00e9e sur ce dossier.<\/p>\n<p class=\" wall-content\">Une femme, qui sera en charge de la direction de l\u2019\u00e9tablissement, vient m\u00eame d\u2019\u00eatre recrut\u00e9e.<\/p>\n<p>\u00ab\u2009Des touches\u2009\u00bb pour le lieu<\/p>\n<p class=\" wall-content\">L\u2019objectif de ce mus\u00e9e, que devrait porter une association, est d\u2019accueillir des \u0153uvres <b>de Michel Bassompierre mais aussi de s\u2019ouvrir \u00e0 d\u2019autres artistes<\/b>. Un volet p\u00e9dagogique montrant les diff\u00e9rentes \u00e9tapes de cr\u00e9ation du sculpteur animalier est aussi pr\u00e9vu. O\u00f9 ce mus\u00e9e s\u2019installera-t-il\u2009? Pour l\u2019heure, pas de r\u00e9ponse.<\/p>\n<blockquote class=\"ac-article-quote wall-content\">\n<p>On a des touches, des contacts. Nous ne souhaitons pas nous installer dans un lieu priv\u00e9, mais plut\u00f4t nouer un partenariat avec une collectivit\u00e9 du Vignoble nantais ou plus largement de la r\u00e9gion nantaise.<\/p>\n<p>Kar\u00e8ne Bassompierre<\/p><\/blockquote>\n<p class=\" wall-content\">L\u2019\u00e9quipe veut aller vite. L\u2019objectif est d\u2019ouvrir le mus\u00e9e \u00ab\u2009fin 2026 ou d\u00e9but 2027\u2009\u00bb.<\/p>\n<p class=\" wall-content\">Personnalisez votre actualit\u00e9 en ajoutant vos villes et m\u00e9dias en favori avec <a href=\"https:\/\/moncompte.actu.fr\" title=\"D\u00e9couvez Mon Actu\" rel=\"nofollow noopener\" data-trk=\"{&quot;cta&quot;:{&quot;action&quot;:&quot;https:\\\/\\\/moncompte.actu.fr&quot;,&quot;category&quot;:&quot;mon compte&quot;,&quot;from&quot;:&quot;article footer&quot;,&quot;name&quot;:&quot;Mon actu&quot;,&quot;type&quot;:&quot;cta&quot;}}\" target=\"_blank\">Mon Actu<\/a>.<\/p>\n","protected":false},"excerpt":{"rendered":"Par Herv\u00e9 Pavageau Publi\u00e9 le 4 d\u00e9c. 2025 \u00e0 7h05 L\u2019\u00e9v\u00e9nement a fait salle comble. Un an apr\u00e8s&hellip;\n","protected":false},"author":2,"featured_media":576996,"comment_status":"","ping_status":"","sticky":false,"template":"","format":"standard","meta":{"footnotes":""},"categories":[2818],"tags":[1111,11,1867,1777,674,1011,27,766,12,2636,25,104,2900],"class_list":{"0":"post-576995","1":"post","2":"type-post","3":"status-publish","4":"format-standard","5":"has-post-thumbnail","7":"category-nantes","8":"tag-actu","9":"tag-actualites","10":"tag-animaux","11":"tag-eu","12":"tag-europe","13":"tag-fr","14":"tag-france","15":"tag-nantes","16":"tag-news","17":"tag-pays-de-la-loire","18":"tag-republique-francaise","19":"tag-societe","20":"tag-vignoble-nantais"},"share_on_mastodon":{"url":"https:\/\/pubeurope.com\/@fr\/115659992866614751","error":""},"_links":{"self":[{"href":"https:\/\/www.europesays.com\/fr\/wp-json\/wp\/v2\/posts\/576995","targetHints":{"allow":["GET"]}}],"collection":[{"href":"https:\/\/www.europesays.com\/fr\/wp-json\/wp\/v2\/posts"}],"about":[{"href":"https:\/\/www.europesays.com\/fr\/wp-json\/wp\/v2\/types\/post"}],"author":[{"embeddable":true,"href":"https:\/\/www.europesays.com\/fr\/wp-json\/wp\/v2\/users\/2"}],"replies":[{"embeddable":true,"href":"https:\/\/www.europesays.com\/fr\/wp-json\/wp\/v2\/comments?post=576995"}],"version-history":[{"count":0,"href":"https:\/\/www.europesays.com\/fr\/wp-json\/wp\/v2\/posts\/576995\/revisions"}],"wp:featuredmedia":[{"embeddable":true,"href":"https:\/\/www.europesays.com\/fr\/wp-json\/wp\/v2\/media\/576996"}],"wp:attachment":[{"href":"https:\/\/www.europesays.com\/fr\/wp-json\/wp\/v2\/media?parent=576995"}],"wp:term":[{"taxonomy":"category","embeddable":true,"href":"https:\/\/www.europesays.com\/fr\/wp-json\/wp\/v2\/categories?post=576995"},{"taxonomy":"post_tag","embeddable":true,"href":"https:\/\/www.europesays.com\/fr\/wp-json\/wp\/v2\/tags?post=576995"}],"curies":[{"name":"wp","href":"https:\/\/api.w.org\/{rel}","templated":true}]}}