{"id":577021,"date":"2025-12-04T07:09:21","date_gmt":"2025-12-04T07:09:21","guid":{"rendered":"https:\/\/www.europesays.com\/fr\/577021\/"},"modified":"2025-12-04T07:09:21","modified_gmt":"2025-12-04T07:09:21","slug":"deux-cas-de-coronavirus-mers-identifies-en-france-sur-des-personnes-de-retour-de-letranger","status":"publish","type":"post","link":"https:\/\/www.europesays.com\/fr\/577021\/","title":{"rendered":"Deux cas de coronavirus MERS identifi\u00e9s en France sur des personnes \u00ab\u00a0de retour de l\u2019\u00e9tranger\u00a0\u00bb"},"content":{"rendered":"\n<p class=\"article__paragraph  \">Deux cas de coronavirus du syndrome respiratoire du Moyen-Orient (MERS-CoV) ont \u00e9t\u00e9 identifi\u00e9s en France sur des personnes \u00ab\u00a0de retour de l\u2019\u00e9tranger\u00a0\u00bb, a fait savoir, mercredi 3\u00a0d\u00e9cembre, le minist\u00e8re de la sant\u00e9 dans un communiqu\u00e9. \u00ab\u00a0Ces deux cas ont \u00e9t\u00e9 confirm\u00e9s \u00e0 la suite de sympt\u00f4mes \u00e9vocateurs et de la notion d\u2019un voyage commun en p\u00e9ninsule Arabique\u00a0\u00bb, ajoute le minist\u00e8re qui pr\u00e9cise que \u00ab\u00a0les mesures de gestion ont \u00e9t\u00e9 mises en place pour limiter le risque de transmission du virus\u00a0\u00bb.<\/p>\n<p class=\"article__paragraph  \">Ces patients sont pris en charge \u00e0 l\u2019h\u00f4pital \u00ab\u00a0par mesure de pr\u00e9caution\u00a0\u00bb et \u00ab\u00a0leur \u00e9tat est stable\u00a0\u00bb, a affirm\u00e9 la ministre de la sant\u00e9, St\u00e9phanie Rist, cit\u00e9e dans le communiqu\u00e9. \u00ab\u00a0Toutes les mesures de gestion ont \u00e9t\u00e9 mises en place afin de limiter le risque de transmission du virus \u00e0 l\u2019entourage des patients et aux personnels soignants\u00a0: recherche des personnes contacts (\u2026), gestes barri\u00e8res, d\u00e9pistage, isolement et conduite \u00e0 tenir en cas d\u2019apparition de sympt\u00f4mes, m\u00eame mod\u00e9r\u00e9s\u00a0\u00bb, a-t-elle ajout\u00e9.<\/p>\n<p class=\"article__paragraph  \">Le communiqu\u00e9 pr\u00e9cise que les deux cas sont apparus chez des personnes ayant particip\u00e9 \u00e0 un m\u00eame voyage, \u00ab\u00a0mais aucune cha\u00eene de transmission secondaire n\u2019est \u00e0 ce stade identifi\u00e9e sur le territoire national\u00a0\u00bb. Les autres personnes ayant particip\u00e9 au voyage font \u00e9galement l\u2019objet d\u2019un suivi, pr\u00e9cise le minist\u00e8re.<\/p>\n<p>                  Transmission de l\u2019animal \u00e0 l\u2019humain                  <\/p>\n<p class=\"article__paragraph  \">Apparu en\u00a02012 en Arabie saoudite, le coronavirus MERS est consid\u00e9r\u00e9 comme un cousin, plus mortel mais moins contagieux, du virus responsable du syndrome respiratoire aigu s\u00e9v\u00e8re (SRAS). Il se transmet principalement de l\u2019animal \u00e0 l\u2019\u00eatre humain, ajoute le minist\u00e8re, pr\u00e9cisant que le virus est end\u00e9mique chez les dromadaires et les chauves-souris de la p\u00e9ninsule arabique et de certaines r\u00e9gions d\u2019Afrique. Le temps d\u2019incubation est de cinq \u00e0 quinze jours.<\/p>\n<p>                             <img loading=\"lazy\" decoding=\"async\" src=\"https:\/\/www.europesays.com\/fr\/wp-content\/uploads\/2025\/12\/f912c03_upload-1-pjvq7ftobowx-000-nic6326212.jpg\" alt=\"Des Saoudiens portant des masques afin de se prot\u00e9ger du MERS-CoV, pr\u00e8s de Riyad, le 12\u00a0mai 2014.\"   width=\"664\" height=\"443\"\/>    Des Saoudiens portant des masques afin de se prot\u00e9ger du MERS-CoV, pr\u00e8s de Riyad, le 12\u00a0mai 2014.  FAYEZ NURELDINE\/AFP                        <\/p>\n<p class=\"article__paragraph  \">L\u2019\u00e9pid\u00e9mie de coronavirus MERS avait fait plusieurs centaines de victimes dans le monde entre 2012 et 2015, principalement en Arabie saoudite. Depuis 2012 et en date du 3\u00a0novembre\u00a02025, 2\u00a0640\u00a0cas de MERS-CoV ont \u00e9t\u00e9 recens\u00e9s dans le monde, selon le minist\u00e8re de la sant\u00e9. Ce virus entra\u00eene chez l\u2019homme des sympt\u00f4mes similaires au Covid-19 (fi\u00e8vre, toux, difficult\u00e9s respiratoires).<\/p>\n<p class=\"article__paragraph  \">Le minist\u00e8re souligne que la transmission interhumaine est \u00ab\u00a0rare\u00a0\u00bb mais \u00ab\u00a0possible par contact direct ou indirect, via les gouttelettes respiratoires et occasionnellement par voie a\u00e9rienne\u00a0\u00bb. \u00ab\u00a0Elle concerne principalement les personnels soignants pratiquant des actes m\u00e9dicaux lors de la prise en charge des cas, ou les personnes partageant un m\u00eame foyer\u00a0\u00bb, pr\u00e9cise le communiqu\u00e9.<\/p>\n<p class=\"article__paragraph  \">En France, jusqu\u2019ici seuls deux cas avaient \u00e9t\u00e9 recens\u00e9s en\u00a02013, rappelle le minist\u00e8re.<\/p>\n<p class=\"author__detail\">  Le Monde avec AFP  <\/p>\n<p>                <a href=\"https:\/\/www.lemonde.fr\/syndication\/\" class=\"reuse__content\" title=\"R\u00e9utiliser ce contenu\" target=\"_blank\" rel=\"noopener\">R\u00e9utiliser ce contenu<\/a>      <\/p>\n","protected":false},"excerpt":{"rendered":"Deux cas de coronavirus du syndrome respiratoire du Moyen-Orient (MERS-CoV) ont \u00e9t\u00e9 identifi\u00e9s en France sur des personnes&hellip;\n","protected":false},"author":2,"featured_media":577022,"comment_status":"","ping_status":"","sticky":false,"template":"","format":"standard","meta":{"footnotes":""},"categories":[1888],"tags":[1111,1928,11,1927,1777,674,1011,27,12,1926,626,1925,25],"class_list":{"0":"post-577021","1":"post","2":"type-post","3":"status-publish","4":"format-standard","5":"has-post-thumbnail","7":"category-paris","8":"tag-actu","9":"tag-actu-paris","10":"tag-actualites","11":"tag-actualites-paris","12":"tag-eu","13":"tag-europe","14":"tag-fr","15":"tag-france","16":"tag-news","17":"tag-news-paris","18":"tag-paris","19":"tag-paris-news","20":"tag-republique-francaise"},"share_on_mastodon":{"url":"https:\/\/pubeurope.com\/@fr\/115660048195950489","error":""},"_links":{"self":[{"href":"https:\/\/www.europesays.com\/fr\/wp-json\/wp\/v2\/posts\/577021","targetHints":{"allow":["GET"]}}],"collection":[{"href":"https:\/\/www.europesays.com\/fr\/wp-json\/wp\/v2\/posts"}],"about":[{"href":"https:\/\/www.europesays.com\/fr\/wp-json\/wp\/v2\/types\/post"}],"author":[{"embeddable":true,"href":"https:\/\/www.europesays.com\/fr\/wp-json\/wp\/v2\/users\/2"}],"replies":[{"embeddable":true,"href":"https:\/\/www.europesays.com\/fr\/wp-json\/wp\/v2\/comments?post=577021"}],"version-history":[{"count":0,"href":"https:\/\/www.europesays.com\/fr\/wp-json\/wp\/v2\/posts\/577021\/revisions"}],"wp:featuredmedia":[{"embeddable":true,"href":"https:\/\/www.europesays.com\/fr\/wp-json\/wp\/v2\/media\/577022"}],"wp:attachment":[{"href":"https:\/\/www.europesays.com\/fr\/wp-json\/wp\/v2\/media?parent=577021"}],"wp:term":[{"taxonomy":"category","embeddable":true,"href":"https:\/\/www.europesays.com\/fr\/wp-json\/wp\/v2\/categories?post=577021"},{"taxonomy":"post_tag","embeddable":true,"href":"https:\/\/www.europesays.com\/fr\/wp-json\/wp\/v2\/tags?post=577021"}],"curies":[{"name":"wp","href":"https:\/\/api.w.org\/{rel}","templated":true}]}}