{"id":577023,"date":"2025-12-04T07:10:14","date_gmt":"2025-12-04T07:10:14","guid":{"rendered":"https:\/\/www.europesays.com\/fr\/577023\/"},"modified":"2025-12-04T07:10:14","modified_gmt":"2025-12-04T07:10:14","slug":"moins-reputee-que-paris-cette-ville-dile-de-france-surprend-par-son-patrimoine-et-sa-douceur-de-vivre","status":"publish","type":"post","link":"https:\/\/www.europesays.com\/fr\/577023\/","title":{"rendered":"Moins r\u00e9put\u00e9e que Paris, cette ville d\u2019\u00cele-de-France surprend par son patrimoine et sa douceur de vivre"},"content":{"rendered":"<p><strong>\u00c0 quelques dizaines de kilom\u00e8tres de la capitale, une destination m\u00e9connue te promet une exp\u00e9rience authentique loin de l\u2019agitation parisienne. Entre remparts m\u00e9di\u00e9vaux, architecture remarquable et ambiance provinciale pr\u00e9serv\u00e9e, ce territoire offre un cadre de vie exceptionnel qui m\u00e9rite amplement le d\u00e9tour. D\u00e9couvre pourquoi cette cit\u00e9 historique s\u00e9duit ceux qui osent s\u2019\u00e9loigner des sentiers battus.<\/strong><\/p>\n<p>Je te propose aujourd\u2019hui de partir \u00e0 la d\u00e9couverte d\u2019un tr\u00e9sor francilien trop souvent n\u00e9glig\u00e9 par les visiteurs press\u00e9s de rejoindre les monuments embl\u00e9matiques de la r\u00e9gion parisienne. Cette destination poss\u00e8de pourtant tous les atouts pour rivaliser avec les sites les plus c\u00e9l\u00e8bres, tout en conservant une authenticit\u00e9 rare dans notre \u00e9poque de tourisme de masse.<\/p>\n<p>Un patrimoine m\u00e9di\u00e9val exceptionnellement pr\u00e9serv\u00e9<\/p>\n<p>D\u00e8s ton arriv\u00e9e, tu seras frapp\u00e9 par l\u2019impressionnante enceinte fortifi\u00e9e qui entoure le centre historique. Ces remparts constituent l\u2019un des ensembles d\u00e9fensifs les mieux conserv\u00e9s de France, t\u00e9moignant d\u2019une \u00e9poque o\u00f9 cette cit\u00e9 jouait un r\u00f4le strat\u00e9gique majeur. Je t\u2019invite \u00e0 parcourir les chemins de ronde qui offrent des panoramas saisissants sur les toitures anciennes et les jardins int\u00e9rieurs. L\u2019architecture militaire m\u00e9di\u00e9vale se d\u00e9voile ici dans toute sa splendeur, avec ses tours imposantes, ses portes fortifi\u00e9es et ses courtines remarquablement entretenues.<\/p>\n<p>L\u2019\u00e9glise coll\u00e9giale repr\u00e9sente un autre joyau architectural qui justifie \u00e0 elle seule la visite. Cet \u00e9difice gothique renferme des tr\u00e9sors artistiques insoup\u00e7onn\u00e9s, notamment des vitraux anciens aux couleurs chatoyantes et une crypte myst\u00e9rieuse qui int\u00e9resse les amateurs d\u2019histoire religieuse. Tu d\u00e9couvriras \u00e9galement une grange remarquable, t\u00e9moignage unique de l\u2019architecture cistercienne en \u00cele-de-France. Ces monuments class\u00e9s b\u00e9n\u00e9ficient d\u2019une reconnaissance internationale, attestant de leur valeur patrimoniale exceptionnelle.<\/p>\n<p>La cit\u00e9 m\u00e9di\u00e9vale a su pr\u00e9server son caract\u00e8re historique sans tomber dans le pi\u00e8ge de la mus\u00e9ification excessive. En d\u00e9ambulant dans les ruelles pav\u00e9es, tu croiseras des artisans perp\u00e9tuant des savoir-faire ancestraux, des boutiques authentiques proposant des produits locaux et des fa\u00e7ades \u00e0 colombages magnifiquement restaur\u00e9es. Cette attention port\u00e9e \u00e0 la conservation du b\u00e2ti ancien cr\u00e9e une atmosph\u00e8re particuli\u00e8re, presque hors du temps, qui contraste agr\u00e9ablement avec l\u2019urbanisation galopante des autres territoires franciliens.<\/p>\n<p>Une qualit\u00e9 de vie qui s\u00e9duit les habitants<\/p>\n<p>Au-del\u00e0 de son patrimoine architectural, cette destination se distingue gr\u00e2ce \u00e0 une douceur de vivre particuli\u00e8rement appr\u00e9ciable. Je constate que les commerces de proximit\u00e9 y sont florissants, cr\u00e9ant un tissu social dynamique et convivial. Les march\u00e9s hebdomadaires rassemblent producteurs locaux et habitants dans une ambiance chaleureuse qui rappelle les traditions provinciales fran\u00e7aises. Tu trouveras ici des espaces verts agr\u00e9ablement am\u00e9nag\u00e9s o\u00f9 familles et promeneurs viennent se ressourcer loin du tumulte urbain.<\/p>\n<p>La gastronomie locale m\u00e9rite \u00e9galement ton attention, avec des sp\u00e9cialit\u00e9s culinaires transmises de g\u00e9n\u00e9ration en g\u00e9n\u00e9ration. Les restaurants proposent une cuisine authentique valorisant les produits du terroir briard, particuli\u00e8rement r\u00e9put\u00e9 pour ses fromages et ses productions mara\u00eech\u00e8res. Cette identit\u00e9 gastronomique participe pleinement au charme de la destination et ravira les gourmands exigeants. Tu pourras \u00e9galement participer \u00e0 des animations culturelles r\u00e9guli\u00e8res qui animent la vie locale tout au long de l\u2019ann\u00e9e.<\/p>\n<p>L\u2019accessibilit\u00e9 depuis Paris apporte une valeur ajout\u00e9e importante pour ceux qui souhaitent combiner vie professionnelle dans la capitale et cadre r\u00e9sidentiel pr\u00e9serv\u00e9. Les liaisons ferroviaires permettent de rejoindre facilement les grands p\u00f4les d\u2019emploi franciliens sans renoncer \u00e0 un environnement paisible. Cette configuration s\u00e9duit particuli\u00e8rement les familles recherchant un \u00e9quilibre entre opportunit\u00e9s urbaines et qualit\u00e9 de vie. <a href=\"https:\/\/www.newsofmarseille.com\/decouvrez-ville-seine-maritime-riche-patrimoine-historique-0068902024.html\" target=\"_blank\" rel=\"noopener\">Cette ville de Seine-Maritime \u00e0 un riche patrimoine historique<\/a> illustre \u00e9galement cette tendance o\u00f9 certaines destinations provinciales gagnent en attractivit\u00e9 gr\u00e2ce \u00e0 leur h\u00e9ritage culturel remarquable.<\/p>\n<p>Des animations qui valorisent l\u2019histoire locale<\/p>\n<p>La programmation culturelle t\u00e9moigne d\u2019une volont\u00e9 affirm\u00e9e de faire revivre l\u2019histoire glorieuse de la cit\u00e9. Tu pourras assister \u00e0 des spectacles m\u00e9di\u00e9vaux immersifs qui transforment les rues en th\u00e9\u00e2tre \u00e0 ciel ouvert, offrant aux petits comme aux grands une plong\u00e9e captivante dans le Moyen \u00c2ge. Ces reconstitutions historiques mobilisent com\u00e9diens, cascadeurs et artisans pour recr\u00e9er l\u2019atmosph\u00e8re des foires m\u00e9di\u00e9vales avec un souci du d\u00e9tail impressionnant.<\/p>\n<p>Les mus\u00e9es locaux proposent des expositions p\u00e9dagogiques qui \u00e9clairent diff\u00e9rents aspects de l\u2019histoire r\u00e9gionale, des pratiques commerciales m\u00e9di\u00e9vales aux traditions artisanales. Je te recommande particuli\u00e8rement les visites guid\u00e9es th\u00e9matiques qui r\u00e9v\u00e8lent des anecdotes m\u00e9connues et des lieux habituellement ferm\u00e9s au public. Ces initiatives culturelles contribuent \u00e0 maintenir vivante la m\u00e9moire collective tout en attirant un public curieux de d\u00e9couvrir un patrimoine authentique.<\/p>\n<p>Cette destination que je t\u2019ai d\u00e9crite n\u2019est autre que Provins, cit\u00e9 m\u00e9di\u00e9vale inscrite au patrimoine mondial de l\u2019UNESCO. Si tu cherches une escapade culturelle enrichissante \u00e0 proximit\u00e9 de Paris, je t\u2019encourage vivement \u00e0 chercher cette ville remarquable. N\u2019h\u00e9site pas \u00e0 partager ton exp\u00e9rience en commentaire ou \u00e0 me contacter pour obtenir des conseils personnalis\u00e9s sur ta prochaine visite dans cette merveille briarde.<\/p>\n<p>\ud83d\udc47 Vous voulez en savoir plus? D\u00e9couvrez cette vid\u00e9o \ud83d\udc47<\/p>\n<p><img loading=\"lazy\" decoding=\"async\" width=\"150\" height=\"150\" src=\"data:image\/svg+xml,%3Csvg%20xmlns=\" http:=\"\" class=\"attachment-150x150 size-150x150\" alt=\"\" itemprop=\"image\" data-lazy- data-lazy- data-lazy-src=\"https:\/\/www.europesays.com\/fr\/wp-content\/uploads\/2025\/04\/im6-150x150.png\"\/><\/p>\n<p>Salut \u00e0 tous, je suis Eglantine. D\u00e9couvrez mes articles sur le voyage \u00e0 travers mes conseils, astuces et lieux pr\u00e9f\u00e9r\u00e9s en exclusivit\u00e9 sur News Of Marseille.<br \/>R\u00e9dactrice de coeur, je vous guide \u00e0 travers mes \u00e9crits pour vous transmettre mon expertise sur l&rsquo;aventure du voyage. Et \u00e9videmment, allez l&rsquo;OM \ud83d\ude09<\/p>\n<p>Partagez l&rsquo;article ou suivez nous !<\/p>\n<p>\n\tNos images sont \u00e0 but illustratif et peuvent ne pas repr\u00e9senter la r\u00e9alit\u00e9<\/p>\n","protected":false},"excerpt":{"rendered":"\u00c0 quelques dizaines de kilom\u00e8tres de la capitale, une destination m\u00e9connue te promet une exp\u00e9rience authentique loin de&hellip;\n","protected":false},"author":2,"featured_media":577024,"comment_status":"","ping_status":"","sticky":false,"template":"","format":"standard","meta":{"footnotes":""},"categories":[1888],"tags":[1111,1928,11,1927,1777,674,1011,27,12,1926,626,1925,11687,31473,25,20595,69142],"class_list":{"0":"post-577023","1":"post","2":"type-post","3":"status-publish","4":"format-standard","5":"has-post-thumbnail","7":"category-paris","8":"tag-actu","9":"tag-actu-paris","10":"tag-actualites","11":"tag-actualites-paris","12":"tag-eu","13":"tag-europe","14":"tag-fr","15":"tag-france","16":"tag-news","17":"tag-news-paris","18":"tag-paris","19":"tag-paris-news","20":"tag-patrimoine-historique","21":"tag-patrimoine-medieval","22":"tag-republique-francaise","23":"tag-tourisme-culturel","24":"tag-tourisme-medieval"},"share_on_mastodon":{"url":"https:\/\/pubeurope.com\/@fr\/115660051214062457","error":""},"_links":{"self":[{"href":"https:\/\/www.europesays.com\/fr\/wp-json\/wp\/v2\/posts\/577023","targetHints":{"allow":["GET"]}}],"collection":[{"href":"https:\/\/www.europesays.com\/fr\/wp-json\/wp\/v2\/posts"}],"about":[{"href":"https:\/\/www.europesays.com\/fr\/wp-json\/wp\/v2\/types\/post"}],"author":[{"embeddable":true,"href":"https:\/\/www.europesays.com\/fr\/wp-json\/wp\/v2\/users\/2"}],"replies":[{"embeddable":true,"href":"https:\/\/www.europesays.com\/fr\/wp-json\/wp\/v2\/comments?post=577023"}],"version-history":[{"count":0,"href":"https:\/\/www.europesays.com\/fr\/wp-json\/wp\/v2\/posts\/577023\/revisions"}],"wp:featuredmedia":[{"embeddable":true,"href":"https:\/\/www.europesays.com\/fr\/wp-json\/wp\/v2\/media\/577024"}],"wp:attachment":[{"href":"https:\/\/www.europesays.com\/fr\/wp-json\/wp\/v2\/media?parent=577023"}],"wp:term":[{"taxonomy":"category","embeddable":true,"href":"https:\/\/www.europesays.com\/fr\/wp-json\/wp\/v2\/categories?post=577023"},{"taxonomy":"post_tag","embeddable":true,"href":"https:\/\/www.europesays.com\/fr\/wp-json\/wp\/v2\/tags?post=577023"}],"curies":[{"name":"wp","href":"https:\/\/api.w.org\/{rel}","templated":true}]}}