{"id":577026,"date":"2025-12-04T07:12:35","date_gmt":"2025-12-04T07:12:35","guid":{"rendered":"https:\/\/www.europesays.com\/fr\/577026\/"},"modified":"2025-12-04T07:12:35","modified_gmt":"2025-12-04T07:12:35","slug":"le-paris-saint-germain-ne-fera-pas-son-retour-a-rene-gaillard","status":"publish","type":"post","link":"https:\/\/www.europesays.com\/fr\/577026\/","title":{"rendered":"le Paris Saint-Germain ne fera pas son retour \u00e0 Ren\u00e9-Gaillard"},"content":{"rendered":"<p>La possibilit\u00e9 a exist\u00e9 pendant quelques heures, mais elle n\u2019aura (malheureusement) gu\u00e8re dur\u00e9 au-del\u00e0\u00a0: non, le Paris Saint-Germain ne retrouvera pas Ren\u00e9-Gaillard, l\u2019enceinte o\u00f9 le PSG avait affront\u00e9 les Chamois Niortais en Coupe de la Ligue, en 2017, et qui se serait sans doute bien vu accueillir les derniers vainqueurs de la Ligue des Champions une nouvelle fois.<\/p>\n<p>Oppos\u00e9s au Vend\u00e9e Fontenay, club de National 3 o\u00f9 \u00e9volue notamment l\u2019ancien Niortais Maxime Bisleau et qui a tir\u00e9 le gros lot sur ce tirage, les hommes de Luis Enrique se rendront plut\u00f4t dans un stade qu\u2019ils connaissent bien dans l\u2019univers de la Ligue 1\u00a0: celui de la Beaujoire, \u00e0 Nantes, qui accueillera donc ce 32e\u00a0de finale de la Coupe de France qui se jouera le 20\u00a0d\u00e9cembre prochain, \u00e0 partir de 20\u00a0h\u00a050. \u00ab\u00a0Un moment historique pour tout le club et une soir\u00e9e qui s\u2019annonce magique dans un stade mythique\u00a0\u00bb, \u00e9voque le Vend\u00e9e Fontenay sur sa page Facebook, indiquant que la billetterie serait bient\u00f4t ouverte.<\/p>\n<p>Autre affiche de ces 32es de finale qui aurait pu se jouer \u00e0 Niort, la rencontre entre Les Sables Vend\u00e9e et le Stade Rennais se jouera\u2026 \u00e0 Rennes, le 21\u00a0d\u00e9cembre, <a target=\"_blank\" href=\"https:\/\/www.ouest-france.fr\/sport\/football\/coupe-de-france\/info-ouest-france-les-sables-vendee-football-defieront-le-stade-rennais-chez-lui-au-roazhon-park-en-32es-de-finale-66da0874-d057-11f0-b23a-af5f5b40838c\" rel=\"noopener\">d\u2019apr\u00e8s nos confr\u00e8res de Ouest-France.<\/a><\/p>\n","protected":false},"excerpt":{"rendered":"La possibilit\u00e9 a exist\u00e9 pendant quelques heures, mais elle n\u2019aura (malheureusement) gu\u00e8re dur\u00e9 au-del\u00e0\u00a0: non, le Paris Saint-Germain&hellip;\n","protected":false},"author":2,"featured_media":577027,"comment_status":"","ping_status":"","sticky":false,"template":"","format":"standard","meta":{"footnotes":""},"categories":[1888],"tags":[1392,11,52302,2545,1777,674,63,1011,27,12,6752,626,25,60],"class_list":{"0":"post-577026","1":"post","2":"type-post","3":"status-publish","4":"format-standard","5":"has-post-thumbnail","7":"category-paris","8":"tag-a-la-une-local","9":"tag-actualites","10":"tag-coupe-de-france-football","11":"tag-deux-sevres","12":"tag-eu","13":"tag-europe","14":"tag-football","15":"tag-fr","16":"tag-france","17":"tag-news","18":"tag-niort","19":"tag-paris","20":"tag-republique-francaise","21":"tag-sports"},"share_on_mastodon":{"url":"https:\/\/pubeurope.com\/@fr\/115660059442357731","error":""},"_links":{"self":[{"href":"https:\/\/www.europesays.com\/fr\/wp-json\/wp\/v2\/posts\/577026","targetHints":{"allow":["GET"]}}],"collection":[{"href":"https:\/\/www.europesays.com\/fr\/wp-json\/wp\/v2\/posts"}],"about":[{"href":"https:\/\/www.europesays.com\/fr\/wp-json\/wp\/v2\/types\/post"}],"author":[{"embeddable":true,"href":"https:\/\/www.europesays.com\/fr\/wp-json\/wp\/v2\/users\/2"}],"replies":[{"embeddable":true,"href":"https:\/\/www.europesays.com\/fr\/wp-json\/wp\/v2\/comments?post=577026"}],"version-history":[{"count":0,"href":"https:\/\/www.europesays.com\/fr\/wp-json\/wp\/v2\/posts\/577026\/revisions"}],"wp:featuredmedia":[{"embeddable":true,"href":"https:\/\/www.europesays.com\/fr\/wp-json\/wp\/v2\/media\/577027"}],"wp:attachment":[{"href":"https:\/\/www.europesays.com\/fr\/wp-json\/wp\/v2\/media?parent=577026"}],"wp:term":[{"taxonomy":"category","embeddable":true,"href":"https:\/\/www.europesays.com\/fr\/wp-json\/wp\/v2\/categories?post=577026"},{"taxonomy":"post_tag","embeddable":true,"href":"https:\/\/www.europesays.com\/fr\/wp-json\/wp\/v2\/tags?post=577026"}],"curies":[{"name":"wp","href":"https:\/\/api.w.org\/{rel}","templated":true}]}}