{"id":57703,"date":"2025-04-27T21:11:08","date_gmt":"2025-04-27T21:11:08","guid":{"rendered":"https:\/\/www.europesays.com\/fr\/57703\/"},"modified":"2025-04-27T21:11:08","modified_gmt":"2025-04-27T21:11:08","slug":"axel-laurance-jai-essaye-den-garder-le-plus-possible-actualite","status":"publish","type":"post","link":"https:\/\/www.europesays.com\/fr\/57703\/","title":{"rendered":"Axel Laurance : \u00ab J\u2019ai essay\u00e9 d\u2019en garder le plus possible \u00bb &#8211; Actualit\u00e9"},"content":{"rendered":"<p style=\"text-align: justify;\"><strong>Axel Laurance met fin \u00e0 la p\u00e9riode des Classiques sur une bonne note. Frustr\u00e9 de la fa\u00e7on dont s\u2019\u00e9tait termin\u00e9e l\u2019Amstel puis dans l\u2019incapacit\u00e9 d\u2019exister dans le Mur de Huy lors de la Fl\u00e8che, le Breton a cette fois-ci parfaitement g\u00e9r\u00e9 son effort dans les monts belges de Li\u00e8ge-Bastogne-Li\u00e8ge pour d\u00e9crocher un Top 10 \u00e0 l\u2019arriv\u00e9e (<a href=\"https:\/\/www.directvelo.com\/actualite\/120239\/liege-bastogne-liege-classement\" target=\"_blank\" rel=\"noopener\">voir classement<\/a>). DirectVelo a recueilli la r\u00e9action du puncheur d\u2019INEOS Grenadiers apr\u00e8s l\u2019arriv\u00e9e.<\/strong> <br \/>\u00a0 <br \/><strong>DirectVelo : Comment analyses-tu cette 8e place sur Li\u00e8ge-Bastogne-Li\u00e8ge ?<\/strong><br \/>Axel Laurance : Ce n\u2019est pas trop mal. C\u2019\u00e9tait plut\u00f4t une belle journ\u00e9e pour moi, j\u2019avais vraiment de bonnes sensations. J\u2019ai essay\u00e9 d\u2019en garder le plus possible au fil de la course car on savait que \u00e7a pouvait revenir sur la derni\u00e8re partie. J\u2019avais en t\u00eate le groupe important qui s\u2019\u00e9tait jou\u00e9 la troisi\u00e8me place l\u2019an pass\u00e9 et je voulais vraiment \u00eatre dans ce groupe-l\u00e0 cette fois-ci. Je pense avoir plut\u00f4t bien g\u00e9r\u00e9 mes mont\u00e9es. Je n\u2019\u00e9tais pas trop mal dans la Redoute et ensuite, j\u2019ai essay\u00e9 de tamponner au maximum pour arriver le plus \u201cfrais\u201d possible au sprint.<br \/><strong>\u00ab JE SENTAIS QUE JE POUVAIS ALLER CHERCHER UN R\u00c9SULTAT \u00bb <\/strong><strong><br \/><\/strong><strong><br \/><\/strong><strong>L\u2019\u00e9quipe \u00e9tait tr\u00e8s offensive, avant m\u00eame le final, avec Bob Jungels et Tobias Foss. Quel \u00e9tait le plan chez INEOS Grenadiers ?<\/strong><br \/>On avait pas mal de cartes \u00e0 jouer, entre Carlos (Rodriguez), Laurens (De Plus), Magnus (Sheffield)\u2026 On voulait tenter quelque chose, voir si des \u00e9quipes \u00e9taient pr\u00eates \u00e0 nous suivre. Il n\u2019y avait rien \u00e0 perdre mais malheureusement, personne n\u2019y est all\u00e9. De mon c\u00f4t\u00e9, j\u2019ai bien \u00e9t\u00e9 aid\u00e9 par Carlos qui a suivi des attaques entre la Redoute et la Roche-aux-Faucons, ce qui m\u2019a permis de rester plus en retrait, au calme dans le groupe. Une fois dans la Roche-aux-Faucons, je sentais que je pouvais aller chercher un r\u00e9sultat alors j\u2019ai dit aux gars de tamponner.<br \/><strong>Comment s\u2019est d\u00e9roul\u00e9 le sprint ?<\/strong><br \/>\u00c7a a frott\u00e9, c\u2019\u00e9tait compliqu\u00e9. J\u2019avais dit \u00e0 Magnus d\u2019y aller, je voulais prendre la roue de (Micha\u00ebl) Matthews mais malheureusement, on a pris une vague et on s\u2019est fait enfermer aux 250 m\u00e8tres. J\u2019ai quand m\u00eame r\u00e9ussi \u00e0 relancer apr\u00e8s m&rsquo;\u00eatre fait d\u00e9border par plusieurs coureurs et \u00e7a reste un Top 10.<\/p>\n<p><strong>Esp\u00e9rais-tu que votre groupe\u00a0puisse rentrer sur la paire Ciccone-Healy pour se jouer le podium ?<br \/><\/strong>Il \u00e9tait compliqu\u00e9 d\u2019avoir des infos car les voitures \u00e9taient assez loin. Je ne savais pas trop o\u00f9 ils \u00e9taient. J\u2019ai vu que Jayco et Isra\u00ebl roulaient d\u00e9j\u00e0 \u00e0 fond alors on ne pouvait pas faire beaucoup plus. On esp\u00e9rait rentrer, oui, mais malheureusement on n\u2019a pas pu le faire.<\/p>\n<p><strong>\u00ab LE TOUR ? JE SUIS DANS LA LISTE \u00bb<\/strong><\/p>\n<p><strong>Tu termines donc la campagne des Ardennaises sur une bonne note !<br \/><\/strong>J\u2019ai fini d\u00e9shydrat\u00e9 dans les dix derniers kilom\u00e8tres \u00e0 l\u2019Amstel, j\u2019\u00e9tais d\u00e9\u00e7u car j\u2019\u00e9tais parti pour jouer le Top 20, c\u2019\u00e9tait un petit peu dommage. Sur la Fl\u00e8che, comme l\u2019ann\u00e9e derni\u00e8re, je suis arriv\u00e9 au pied de la derni\u00e8re ascension frigorifi\u00e9, ce n\u2019\u00e9tait pas facile avec la m\u00e9t\u00e9o. C\u2019\u00e9tait de la survie, encore une fois. Mais je termine sur un Top 10 lors d\u2019un Monument donc je peux \u00eatre content.<\/p>\n<p><strong>Et maintenant ?<br \/><\/strong>Un petit peu de repos avant de pr\u00e9parer le Tour de Norv\u00e8ge (d\u00e9part le 29 mai, NDLR), le Dauphin\u00e9 et le Championnat de France.<\/p>\n<p><strong>Le Tour, c\u2019est une option ?<br \/><\/strong>Oui, je suis dans la liste. Je pense que la d\u00e9cision sera prise un petit peu avant les Championnats nationaux. Il y aura de quoi faire d\u2019ici-l\u00e0, l\u2019\u00e9quipe d\u00e9cidera. C\u2019\u00e9tait \u00e0 moi de montrer que j\u2019\u00e9tais capable d\u2019\u00eatre l\u00e0 jusqu\u2019\u00e0 pr\u00e9sent, je pense que le Tour du Pays Basque et la course du jour peuvent m\u2019aider.\u00a0 \u00a0 \u00a0\u00a0<\/p>\n","protected":false},"excerpt":{"rendered":"Axel Laurance met fin \u00e0 la p\u00e9riode des Classiques sur une bonne note. Frustr\u00e9 de la fa\u00e7on dont&hellip;\n","protected":false},"author":2,"featured_media":57704,"comment_status":"","ping_status":"","sticky":false,"template":"","format":"standard","meta":{"footnotes":""},"categories":[1411],"tags":[834,828,836,829,837,827,83,826,824,823,1154,207,814,817,815,816,822,821,832,211,839,1011,27,820,818,819,835,831,830,833,838,60,212,208,825],"class_list":{"0":"post-57703","1":"post","2":"type-post","3":"status-publish","4":"format-standard","5":"has-post-thumbnail","7":"category-cyclisme","8":"tag-attaque","9":"tag-belgique","10":"tag-braquet","11":"tag-bretagne","12":"tag-chute","13":"tag-competition","14":"tag-coupe-de-france","15":"tag-coureur","16":"tag-course-cyclisme","17":"tag-course-cycliste","18":"tag-cycling","19":"tag-cyclisme","20":"tag-direct","21":"tag-direct-velo","22":"tag-directvelo","23":"tag-directvelo-com","24":"tag-epreuve","25":"tag-epreuve-cycliste","26":"tag-federation-francaise-de-cyclisme","27":"tag-ffc","28":"tag-flandres","29":"tag-fr","30":"tag-france","31":"tag-live","32":"tag-live-course","33":"tag-live-epreuve","34":"tag-peloton","35":"tag-radio-peloton","36":"tag-radio-tour","37":"tag-ravitaillement","38":"tag-relance","39":"tag-sports","40":"tag-uci","41":"tag-velo","42":"tag-velos"},"share_on_mastodon":{"url":"https:\/\/pubeurope.com\/@fr\/114411987532017648","error":""},"_links":{"self":[{"href":"https:\/\/www.europesays.com\/fr\/wp-json\/wp\/v2\/posts\/57703","targetHints":{"allow":["GET"]}}],"collection":[{"href":"https:\/\/www.europesays.com\/fr\/wp-json\/wp\/v2\/posts"}],"about":[{"href":"https:\/\/www.europesays.com\/fr\/wp-json\/wp\/v2\/types\/post"}],"author":[{"embeddable":true,"href":"https:\/\/www.europesays.com\/fr\/wp-json\/wp\/v2\/users\/2"}],"replies":[{"embeddable":true,"href":"https:\/\/www.europesays.com\/fr\/wp-json\/wp\/v2\/comments?post=57703"}],"version-history":[{"count":0,"href":"https:\/\/www.europesays.com\/fr\/wp-json\/wp\/v2\/posts\/57703\/revisions"}],"wp:featuredmedia":[{"embeddable":true,"href":"https:\/\/www.europesays.com\/fr\/wp-json\/wp\/v2\/media\/57704"}],"wp:attachment":[{"href":"https:\/\/www.europesays.com\/fr\/wp-json\/wp\/v2\/media?parent=57703"}],"wp:term":[{"taxonomy":"category","embeddable":true,"href":"https:\/\/www.europesays.com\/fr\/wp-json\/wp\/v2\/categories?post=57703"},{"taxonomy":"post_tag","embeddable":true,"href":"https:\/\/www.europesays.com\/fr\/wp-json\/wp\/v2\/tags?post=57703"}],"curies":[{"name":"wp","href":"https:\/\/api.w.org\/{rel}","templated":true}]}}